{"id":4739,"date":"2018-05-04T17:46:25","date_gmt":"2018-05-04T15:46:25","guid":{"rendered":"https:\/\/centers.ulbsibiu.ro\/ccsprise\/lact\/?p=4739"},"modified":"2018-05-04T17:46:25","modified_gmt":"2018-05-04T15:46:25","slug":"infotag-md-presedintele-in-exercitiu-al-osce-a-confirmat-ca-noua-runda-de-negocieri-52-se-va-desfasura-in-curand-la-roma","status":"publish","type":"post","link":"https:\/\/centers.ulbsibiu.ro\/ccsprise\/lact\/infotag-md-presedintele-in-exercitiu-al-osce-a-confirmat-ca-noua-runda-de-negocieri-52-se-va-desfasura-in-curand-la-roma\/","title":{"rendered":"Infotag.md &#8211; PRE\u0218EDINTELE \u00ceN EXERCI\u021aIU AL OSCE A CONFIRMAT C\u0102 NOUA RUND\u0102 DE NEGOCIERI \u201e5+2\u201d SE VA DESF\u0102\u015eURA \u00ceN CUR\u00c2ND LA ROMA"},"content":{"rendered":"<p>Noua rund\u0103 de negocieri pentru reglementarea transnistrean\u0103 \u00een formatul \u201e5+2\u201d va fi convocat\u0103 \u00een timpul apropiat la Roma. Declara\u0163ia a fost f\u0103cut\u0103 de Pre\u0219edintele \u00een exerci\u021biu al OSCE, Angelino Alfano, la reuniunea Consiliului Permanent al OSCE, care s-a desf\u0103\u015furat la Viena.<\/p>\n<p>Surse din cadrul Ministerului Afacerilor Externe \u015fi Integr\u0103rii Europene au relatat pentru INFOTAG c\u0103 la reuniune au fost examinate evolu\u021biile \u015fi a\u015ftept\u0103rile \u00een cadrul procesului de negocieri pentru reglementarea conflictului transnistrean.<\/p>\n<p>Reprezentantul permanent al Republicii Moldova la OSCE, Victor Osipov, a prezentat detalii despre Decizia protocolar\u0103 semnat\u0103 pe 24 aprilie, care se refer\u0103 la introducerea numerelor de \u00eenmatriculare neutre pentru transportul auto transnistrean, pentru ca acesta s\u0103 poat\u0103 participa la traficul rutier interna\u0163ional.<\/p>\n<p>Potrivit lui Osipov, dreptul de a participa \u00een traficul interna\u0163ional auto era garantat \u015fi p\u00e2n\u0103 acum persoanelor fizice \u015fi juridice din regiunea transnistrean\u0103, care \u00eenregistrau legal unit\u0103\u0163ile lor de transport \u00een Republica Moldova.<\/p>\n<p>\u201eDar administra\u0163ia de la Tiraspol crea bariere artificiale, descuraj\u00e2nd \u00eenregistrarea pe baze comune. Reie\u0219ind din acest fapt, autorit\u0103\u0163ile moldovene\u015fti au oferit un mecanism de compromis, astfel \u00eenc\u00e2t to\u0163i locuitorii din st\u00e2nga Nistrului s\u0103 aib\u0103 posibilitatea de a circula \u00een traficul auto interna\u0163ional\u201d, a spus el.<\/p>\n<p>Diplomatul moldovean consider\u0103 c\u0103 dinamica pozitiv\u0103 trebuie s\u0103 conduc\u0103 procesul de negocieri spre scopul lui principal: solu\u0163ionarea politic\u0103 a conflictului transnistrean \u00een baza suveranit\u0103\u0163ii, independen\u0163ei \u015fi integrit\u0103\u0163ii teritoriale a Republicii Moldova \u00een frontierele ei interna\u0163ional recunoscute, cu acordarea unui statut special regiunii transnistrene.<\/p>\n<p>Delega\u0163iile Uniunii Europene \u015fi SUA la OSCE au salutat Decizia protocolar\u0103 privind participarea vehiculelor din Transnistria \u00een traficul rutier interna\u0163ional.<\/p>\n<p>Misiunea permanent\u0103 a Ucrainei la OSCE a apreciat decizia ca pe un pas spre \u00eembun\u0103t\u0103\u0163irea vie\u0163ii popula\u0163iei din Republica Moldova, incluz\u00e2nd regiunea transnistrean\u0103, dar \u015fi spre consolidarea \u00eencrederii. Ucraina a exprimat speran\u0163a c\u0103 urm\u0103toarea reuniune a formatului interna\u0163ional de negocieri va aborda nu doar chestiuni sociale \u015fi economice, dar \u015fi aspectele-cheie ale solu\u0163ion\u0103rii politice, reiter\u00e2nd necesitatea de a transforma actuala opera\u0163iune de men\u0163inere a p\u0103cii \u00een una civil\u0103 \u015fi de a finaliza retragerea for\u0163elor militare ale Rusiei de pe teritoriul Republicii Moldova.<\/p>\n<p>\u015ei delega\u0163ia Federa\u0163ia Ruse la OSCE a salutat decizia protocolar\u0103 vizat\u0103 \u015fi a reluat propunerea de elabora un mecanism de implementare a \u00een\u0163elegerilor ob\u0163inute \u00een formatul \u201d5+2\u201d, care s\u0103 fie fixat \u00een cadrul legislativ al Republicii Moldova. \u00cempreun\u0103 cu al\u0163i mediatori interna\u0163ionali, Federa\u0163ia Rus\u0103 s-a angajat s\u0103 contribuie la avansarea negocierilor pentru identificarea unei solu\u0163ii stabile, echitabile \u015fi cuprinz\u0103toare a problemei transnistrene.<\/p>\n<p>Sursa:\u00a0<a href=\"http:\/\/www.infotag.md\/rebelion-ro\/262803\/\">http:\/\/www.infotag.md\/<\/a><\/p>\n","protected":false},"excerpt":{"rendered":"<p>Noua rund\u0103 de negocieri pentru reglementarea transnistrean\u0103 \u00een formatul \u201e5+2\u201d va fi convocat\u0103 \u00een timpul apropiat la Roma. Declara\u0163ia a fost f\u0103cut\u0103 de Pre\u0219edintele \u00een exerci\u021biu al OSCE, Angelino Alfano, la reuniunea Consiliului Permanent al OSCE, care s-a desf\u0103\u015furat la Viena. Surse din cadrul Ministerului Afacerilor Externe \u015fi Integr\u0103rii Europene au relatat pentru INFOTAG c\u0103&#8230;<\/p>\n","protected":false},"author":2,"featured_media":0,"comment_status":"closed","ping_status":"open","sticky":false,"template":"","format":"standard","meta":[],"categories":[1],"tags":[],"_links":{"self":[{"href":"https:\/\/centers.ulbsibiu.ro\/ccsprise\/lact\/wp-json\/wp\/v2\/posts\/4739"}],"collection":[{"href":"https:\/\/centers.ulbsibiu.ro\/ccsprise\/lact\/wp-json\/wp\/v2\/posts"}],"about":[{"href":"https:\/\/centers.ulbsibiu.ro\/ccsprise\/lact\/wp-json\/wp\/v2\/types\/post"}],"author":[{"embeddable":true,"href":"https:\/\/centers.ulbsibiu.ro\/ccsprise\/lact\/wp-json\/wp\/v2\/users\/2"}],"replies":[{"embeddable":true,"href":"https:\/\/centers.ulbsibiu.ro\/ccsprise\/lact\/wp-json\/wp\/v2\/comments?post=4739"}],"version-history":[{"count":1,"href":"https:\/\/centers.ulbsibiu.ro\/ccsprise\/lact\/wp-json\/wp\/v2\/posts\/4739\/revisions"}],"predecessor-version":[{"id":4740,"href":"https:\/\/centers.ulbsibiu.ro\/ccsprise\/lact\/wp-json\/wp\/v2\/posts\/4739\/revisions\/4740"}],"wp:attachment":[{"href":"https:\/\/centers.ulbsibiu.ro\/ccsprise\/lact\/wp-json\/wp\/v2\/media?parent=4739"}],"wp:term":[{"taxonomy":"category","embeddable":true,"href":"https:\/\/centers.ulbsibiu.ro\/ccsprise\/lact\/wp-json\/wp\/v2\/categories?post=4739"},{"taxonomy":"post_tag","embeddable":true,"href":"https:\/\/centers.ulbsibiu.ro\/ccsprise\/lact\/wp-json\/wp\/v2\/tags?post=4739"}],"curies":[{"name":"wp","href":"https:\/\/api.w.org\/{rel}","templated":true}]}}