{"id":4737,"date":"2018-05-04T17:15:41","date_gmt":"2018-05-04T15:15:41","guid":{"rendered":"https:\/\/centers.ulbsibiu.ro\/ccsprise\/lact\/?p=4737"},"modified":"2018-05-04T17:15:41","modified_gmt":"2018-05-04T15:15:41","slug":"deschide-md-ucraina-nu-mai-recunoaste-permisele-de-conducere-emise-de-catre-regimul-separatist-de-la-tiraspol","status":"publish","type":"post","link":"https:\/\/centers.ulbsibiu.ro\/ccsprise\/lact\/deschide-md-ucraina-nu-mai-recunoaste-permisele-de-conducere-emise-de-catre-regimul-separatist-de-la-tiraspol\/","title":{"rendered":"Deschide.md &#8211; Ucraina nu mai recunoa\u0219te permisele de conducere emise de c\u0103tre regimul separatist de la Tiraspol"},"content":{"rendered":"<p>Author: Vasile Cojocari<\/p>\n<p><span lang=\"IT\">Permisele de conducere emise de c\u0103tre \u201eautorit\u0103\u021bile\u201d separatiste de la Tiraspol nu mai sunt recunoscute de c\u0103tre autorit\u0103\u021bile ucrainene.<\/span><\/p>\n<p><span lang=\"IT\">Potrivit presei transnistrene, deja exist\u0103 cazuri c\u00e2nd locuitori ai regiunii care au c\u0103l\u0103torit \u00een Ucraina cu permise de conducere emise de Tiraspol au fost amenda\u021bi de c\u0103tre inspectorii Poli\u021biei de Patrulare a Ucrainei, deoarece actele lor nu sunt conforme Conven\u021biei de la Vene\u021bia<\/span><\/p>\n<p>Textul complet:\u00a0<a href=\"https:\/\/deschide.md\/ro\/stiri\/social\/30382\/Ucraina-nu-mai-recunoa\u0219te-permisele-de-conducere-emise-de-c\u0103tre-regimul-separatist-de-la-Tiraspol.htm\">https:\/\/deschide.md\/<\/a><\/p>\n","protected":false},"excerpt":{"rendered":"<p>Author: Vasile Cojocari Permisele de conducere emise de c\u0103tre \u201eautorit\u0103\u021bile\u201d separatiste de la Tiraspol nu mai sunt recunoscute de c\u0103tre autorit\u0103\u021bile ucrainene. Potrivit presei transnistrene, deja exist\u0103 cazuri c\u00e2nd locuitori ai regiunii care au c\u0103l\u0103torit \u00een Ucraina cu permise de conducere emise de Tiraspol au fost amenda\u021bi de c\u0103tre inspectorii Poli\u021biei de Patrulare a Ucrainei,&#8230;<\/p>\n","protected":false},"author":2,"featured_media":0,"comment_status":"closed","ping_status":"open","sticky":false,"template":"","format":"standard","meta":[],"categories":[1],"tags":[],"_links":{"self":[{"href":"https:\/\/centers.ulbsibiu.ro\/ccsprise\/lact\/wp-json\/wp\/v2\/posts\/4737"}],"collection":[{"href":"https:\/\/centers.ulbsibiu.ro\/ccsprise\/lact\/wp-json\/wp\/v2\/posts"}],"about":[{"href":"https:\/\/centers.ulbsibiu.ro\/ccsprise\/lact\/wp-json\/wp\/v2\/types\/post"}],"author":[{"embeddable":true,"href":"https:\/\/centers.ulbsibiu.ro\/ccsprise\/lact\/wp-json\/wp\/v2\/users\/2"}],"replies":[{"embeddable":true,"href":"https:\/\/centers.ulbsibiu.ro\/ccsprise\/lact\/wp-json\/wp\/v2\/comments?post=4737"}],"version-history":[{"count":1,"href":"https:\/\/centers.ulbsibiu.ro\/ccsprise\/lact\/wp-json\/wp\/v2\/posts\/4737\/revisions"}],"predecessor-version":[{"id":4738,"href":"https:\/\/centers.ulbsibiu.ro\/ccsprise\/lact\/wp-json\/wp\/v2\/posts\/4737\/revisions\/4738"}],"wp:attachment":[{"href":"https:\/\/centers.ulbsibiu.ro\/ccsprise\/lact\/wp-json\/wp\/v2\/media?parent=4737"}],"wp:term":[{"taxonomy":"category","embeddable":true,"href":"https:\/\/centers.ulbsibiu.ro\/ccsprise\/lact\/wp-json\/wp\/v2\/categories?post=4737"},{"taxonomy":"post_tag","embeddable":true,"href":"https:\/\/centers.ulbsibiu.ro\/ccsprise\/lact\/wp-json\/wp\/v2\/tags?post=4737"}],"curies":[{"name":"wp","href":"https:\/\/api.w.org\/{rel}","templated":true}]}}