{"id":4733,"date":"2018-05-04T17:10:15","date_gmt":"2018-05-04T15:10:15","guid":{"rendered":"https:\/\/centers.ulbsibiu.ro\/ccsprise\/lact\/?p=4733"},"modified":"2018-05-04T17:11:16","modified_gmt":"2018-05-04T15:11:16","slug":"tvrmoldova-ministerul-afacerilor-externe-dezaproba-participarea-trupelor-ruse-la-parada-de-la-tiraspol","status":"publish","type":"post","link":"https:\/\/centers.ulbsibiu.ro\/ccsprise\/lact\/tvrmoldova-ministerul-afacerilor-externe-dezaproba-participarea-trupelor-ruse-la-parada-de-la-tiraspol\/","title":{"rendered":"Tvrmoldova.md &#8211; Ministerul Afacerilor Externe dezaprob\u0103 participarea trupelor ruse la parada de la Tiraspol"},"content":{"rendered":"<p class=\"digest\">Ministerul Afacerilor Externe \u015fi Integr\u0103rii Europene face apel la autorit\u0103\u0163ile Federa\u0163iei Ruse s\u0103 se ab\u0163in\u0103 de la activit\u0103\u0163i militare care denot\u0103 un comportament sfid\u0103tor la adresa constitu\u0163ionalit\u0103\u0163ii Republicii Moldova. \u00cendemnul vine \u00een leg\u0103tur\u0103 cu preg\u0103tirile autorit\u0103\u0163ilor de la Tiraspol c\u0103tre parada de 9 mai, la care urmeaz\u0103 s\u0103 participe contingentul militar al Grupului operativ de trupe ruse (GOTR), informa\u0163ie vehiculat\u0103 pe larg \u00een presa local\u0103.<\/p>\n<div class=\"content\">\n<p>MAEIE aten\u0163ioneaz\u0103 asupra riscurilor pe care le comport\u0103 coparticiparea GOTR \u00een ac\u0163iuni cu caracter militar la adresa procesului de reglementare transnistrean\u0103 \u015fi de consolidare a \u00eencrederii \u00eentre cele dou\u0103 maluri ale Nistrului.<br \/>\nPotrivit MAEIE, astfel de ac\u0163iuni submineaz\u0103 \u00een mod flagrant suveranitatea \u015fi integritatea teritorial\u0103 a Republicii Moldova. Autorit\u0103\u0163ile amintesc c\u0103 Federa\u0163ia\u00a0Rus\u0103\u00a0s-a pronun\u0163at deschis \u015fi univoc, \u00een repetate r\u00e2nduri, \u00een favoarea respect\u0103rii acestor principii.<br \/>\nMinisterul reitereaz\u0103 pozi\u0163ia autorit\u0103\u0163ilor de la Chi\u015fin\u0103u cu privire la imperativul retragerii for\u0163elor militare ruse \u015fi a muni\u0163iilor de pe teritoriul \u0163\u0103rii.<\/p>\n<p>Sursa:\u00a0<a href=\"http:\/\/tvrmoldova.md\/politic\/ministerul-afacerilor-externe-dezaproba-participarea-trupelor-ruse-la-parada-de-la-tiraspol\/\">http:\/\/tvrmoldova.md\/<\/a><\/p>\n<\/div>\n","protected":false},"excerpt":{"rendered":"<p>Ministerul Afacerilor Externe \u015fi Integr\u0103rii Europene face apel la autorit\u0103\u0163ile Federa\u0163iei Ruse s\u0103 se ab\u0163in\u0103 de la activit\u0103\u0163i militare care denot\u0103 un comportament sfid\u0103tor la adresa constitu\u0163ionalit\u0103\u0163ii Republicii Moldova. \u00cendemnul vine \u00een leg\u0103tur\u0103 cu preg\u0103tirile autorit\u0103\u0163ilor de la Tiraspol c\u0103tre parada de 9 mai, la care urmeaz\u0103 s\u0103 participe contingentul militar al Grupului operativ de&#8230;<\/p>\n","protected":false},"author":2,"featured_media":0,"comment_status":"closed","ping_status":"open","sticky":false,"template":"","format":"standard","meta":[],"categories":[1],"tags":[],"_links":{"self":[{"href":"https:\/\/centers.ulbsibiu.ro\/ccsprise\/lact\/wp-json\/wp\/v2\/posts\/4733"}],"collection":[{"href":"https:\/\/centers.ulbsibiu.ro\/ccsprise\/lact\/wp-json\/wp\/v2\/posts"}],"about":[{"href":"https:\/\/centers.ulbsibiu.ro\/ccsprise\/lact\/wp-json\/wp\/v2\/types\/post"}],"author":[{"embeddable":true,"href":"https:\/\/centers.ulbsibiu.ro\/ccsprise\/lact\/wp-json\/wp\/v2\/users\/2"}],"replies":[{"embeddable":true,"href":"https:\/\/centers.ulbsibiu.ro\/ccsprise\/lact\/wp-json\/wp\/v2\/comments?post=4733"}],"version-history":[{"count":2,"href":"https:\/\/centers.ulbsibiu.ro\/ccsprise\/lact\/wp-json\/wp\/v2\/posts\/4733\/revisions"}],"predecessor-version":[{"id":4736,"href":"https:\/\/centers.ulbsibiu.ro\/ccsprise\/lact\/wp-json\/wp\/v2\/posts\/4733\/revisions\/4736"}],"wp:attachment":[{"href":"https:\/\/centers.ulbsibiu.ro\/ccsprise\/lact\/wp-json\/wp\/v2\/media?parent=4733"}],"wp:term":[{"taxonomy":"category","embeddable":true,"href":"https:\/\/centers.ulbsibiu.ro\/ccsprise\/lact\/wp-json\/wp\/v2\/categories?post=4733"},{"taxonomy":"post_tag","embeddable":true,"href":"https:\/\/centers.ulbsibiu.ro\/ccsprise\/lact\/wp-json\/wp\/v2\/tags?post=4733"}],"curies":[{"name":"wp","href":"https:\/\/api.w.org\/{rel}","templated":true}]}}