{"id":4729,"date":"2018-05-03T18:41:35","date_gmt":"2018-05-03T16:41:35","guid":{"rendered":"https:\/\/centers.ulbsibiu.ro\/ccsprise\/lact\/?p=4729"},"modified":"2018-05-03T18:41:35","modified_gmt":"2018-05-03T16:41:35","slug":"gov-md-delegatia-republicii-moldova-in-comisia-unificata-de-control-are-un-nou-expert-2","status":"publish","type":"post","link":"https:\/\/centers.ulbsibiu.ro\/ccsprise\/lact\/gov-md-delegatia-republicii-moldova-in-comisia-unificata-de-control-are-un-nou-expert-2\/","title":{"rendered":"Gov.md &#8211; Delega\u021bia Republicii Moldova \u00een Comisia Unificat\u0103 de Control are un nou expert"},"content":{"rendered":"<p>La 3 mai curent, delega\u021bia Republicii Moldova a prezidat \u0219edin\u021ba ordinar\u0103 a Comisiei Unificate de Control, care se desf\u0103\u0219oar\u0103 tradi\u021bional \u00een zilele de joi \u00een ora\u0219ul Bender.<\/p>\n<p>Conduc\u0103torul delega\u021biei Republicii Moldova \u00een Comisie, dl Ion Solonenco, a prezentat-o pe doamna Angela Lupan, consultant principal \u00een Biroul politici de reintegrare, recent numit\u0103 prin hot\u0103r\u00e2re a Guvernului \u00een calitate de expert cu statut permanent.<\/p>\n<p>Un alt subiect de pe agend\u0103 a constituit aprobarea raportului s\u0103pt\u0103m\u00e2nal privind situa\u021bia din Zona de Securitate, prezentat de Comandamentul Militar \u00centrunit.<\/p>\n<p>Dup\u0103 o pauz\u0103, conduc\u0103torul delega\u0163iei Federa\u0163iei Ruse, dl Ilia Uvarov, a deschis \u00a0o \u0219edin\u021b\u0103 neordinar\u0103 a Comisiei Unificate de Control pentru examinarea problemei privind asigurarea securit\u0103\u021bii \u00een preajma podului peste r\u00e2ul Nistru \u00eentre localit\u0103\u021bile Gura B\u00e2cului \u0219i B\u00e2cioc.<\/p>\n<p>Prin urmare, p\u0103r\u021bile au f\u0103cut un schimb de opinii, fiind luat\u0103 decizia cu privire la necesitatea consult\u0103rilor suplimentare pe marginea acestui subiect, \u00een baza propunerilor precedente ale delega\u021biilor aflate \u00een proces de dialog.<\/p>\n<p>Urm\u0103toarea \u00eentrunire a Comisiei va avea loc pe data de 10 mai 2018.<\/p>\n<p>&nbsp;<\/p>\n<p><strong>Delega\u021bia Republicii Moldova\u00a0<\/strong><strong>\u00een Comisia Unificat\u0103 de Control<\/strong><\/p>\n<p>&nbsp;<\/p>\n<p>Sursa:\u00a0<a href=\"https:\/\/gov.md\/ro\/content\/delegatia-republicii-moldova-comisia-unificata-de-control-are-un-nou-expert-0\">https:\/\/gov.md\/<\/a><\/p>\n","protected":false},"excerpt":{"rendered":"<p>La 3 mai curent, delega\u021bia Republicii Moldova a prezidat \u0219edin\u021ba ordinar\u0103 a Comisiei Unificate de Control, care se desf\u0103\u0219oar\u0103 tradi\u021bional \u00een zilele de joi \u00een ora\u0219ul Bender. Conduc\u0103torul delega\u021biei Republicii Moldova \u00een Comisie, dl Ion Solonenco, a prezentat-o pe doamna Angela Lupan, consultant principal \u00een Biroul politici de reintegrare, recent numit\u0103 prin hot\u0103r\u00e2re a Guvernului&#8230;<\/p>\n","protected":false},"author":2,"featured_media":0,"comment_status":"closed","ping_status":"open","sticky":false,"template":"","format":"standard","meta":[],"categories":[1],"tags":[],"_links":{"self":[{"href":"https:\/\/centers.ulbsibiu.ro\/ccsprise\/lact\/wp-json\/wp\/v2\/posts\/4729"}],"collection":[{"href":"https:\/\/centers.ulbsibiu.ro\/ccsprise\/lact\/wp-json\/wp\/v2\/posts"}],"about":[{"href":"https:\/\/centers.ulbsibiu.ro\/ccsprise\/lact\/wp-json\/wp\/v2\/types\/post"}],"author":[{"embeddable":true,"href":"https:\/\/centers.ulbsibiu.ro\/ccsprise\/lact\/wp-json\/wp\/v2\/users\/2"}],"replies":[{"embeddable":true,"href":"https:\/\/centers.ulbsibiu.ro\/ccsprise\/lact\/wp-json\/wp\/v2\/comments?post=4729"}],"version-history":[{"count":1,"href":"https:\/\/centers.ulbsibiu.ro\/ccsprise\/lact\/wp-json\/wp\/v2\/posts\/4729\/revisions"}],"predecessor-version":[{"id":4730,"href":"https:\/\/centers.ulbsibiu.ro\/ccsprise\/lact\/wp-json\/wp\/v2\/posts\/4729\/revisions\/4730"}],"wp:attachment":[{"href":"https:\/\/centers.ulbsibiu.ro\/ccsprise\/lact\/wp-json\/wp\/v2\/media?parent=4729"}],"wp:term":[{"taxonomy":"category","embeddable":true,"href":"https:\/\/centers.ulbsibiu.ro\/ccsprise\/lact\/wp-json\/wp\/v2\/categories?post=4729"},{"taxonomy":"post_tag","embeddable":true,"href":"https:\/\/centers.ulbsibiu.ro\/ccsprise\/lact\/wp-json\/wp\/v2\/tags?post=4729"}],"curies":[{"name":"wp","href":"https:\/\/api.w.org\/{rel}","templated":true}]}}