{"id":4723,"date":"2018-04-30T08:49:44","date_gmt":"2018-04-30T06:49:44","guid":{"rendered":"https:\/\/centers.ulbsibiu.ro\/ccsprise\/lact\/?p=4723"},"modified":"2018-04-30T08:49:44","modified_gmt":"2018-04-30T06:49:44","slug":"sputnik-md-in-premiera-institutiile-de-stat-de-la-chisinau-vor-activa-in-stanga-nistrului","status":"publish","type":"post","link":"https:\/\/centers.ulbsibiu.ro\/ccsprise\/lact\/sputnik-md-in-premiera-institutiile-de-stat-de-la-chisinau-vor-activa-in-stanga-nistrului\/","title":{"rendered":"Sputnik.md &#8211; \u00cen premier\u0103 institu\u021biile de stat de la Chi\u0219in\u0103u vor activa \u00een st\u00e2nga Nistrului"},"content":{"rendered":"<p>\u00cencep\u00e2nd cu 1 septembrie 2018 posesorii de ma\u0219ini din regiunea transnistrean\u0103 vor primi pl\u0103cu\u021be de \u00eenmatriculare neutre \u0219i vor fi admi\u0219i \u00een traficul interna\u021bional. Deputatul Sergiu S\u00e2rbu a f\u0103cut c\u00e2teva dezv\u0103luiri privind detaliile acordului semnat la Bender de c\u0103tre negociatorii \u0219efi din partea Chi\u0219in\u0103ului \u0219i Tiraspolului.<\/p>\n<p>Deputatul Sergiu S\u00e2rbu a declarat pentru studioul radio Sputnik Moldova c\u0103 mijloacele de transport vor avea pl\u0103cu\u021be auto neutre cu numere de \u00eenmatriculare format din trei litere \u0219i trei cifre \u0219i un pa\u0219aport tehnic conform cerin\u021belor Conven\u021biei de la Viena privind circula\u021bia interna\u021bional\u0103.<\/p>\n<p>\u00cen premier\u0103 Ch\u0219in\u0103ul va avea acces la baza de date a registrului mijloacelor de transport din st\u00e2nga Nistrului. Autorit\u0103\u021bile vor cunoa\u0219te cine este proprietarul autovehiculului. De asemenea, vor de\u021bine \u0219i informa\u021bia privind provenien\u021ba ma\u0219inilor furate, a spus Sergiu S\u00e2rbu.<\/p>\n<p>El a reiterat c\u0103 nu este vorba despre o cedare din suveranitatea Republicii Moldova, \u00eentruc\u00e2t exist\u0103 un \u0219ir de state europene cu autonomii l\u0103rgite care folosesc pl\u0103cu\u021bele neutre de \u00eenmatriculare a ma\u0219inilor.<\/p>\n<p>Cel mai important aspect al acordului, mai spune Sergiu S\u00e2rbu, este faptul c\u0103 angaja\u021bii Agen\u021biei Servicii Publice vor avea acces la cele dou\u0103 centre de re\u00eenregistrare a autovehiculelor transnistrene din ora\u0219ele Tiraspol \u0219i R\u00e2bni\u021ba.<\/p>\n<p>Potrivit acordului, un autovehicul nu va putea avea \u00een acela\u0219i timp un num\u0103r neutru \u0219i un num\u0103r transnistrean. Locuitorii din st\u00e2nga Nistrului care vor decide s\u0103-\u0219i p\u0103streze num\u0103rul transnistrean vor putea c\u0103l\u0103tori cu mijloacele de transport respective doar pe teritoriul Republicii Moldova.<\/p>\n<p>Read more: <a href=\"https:\/\/sputnik.md\/radio_rubrica_accentul_zilei\/20180427\/18851613\/premiera-insitutii-stat-activa-stinga-nistrului.html\">https:\/\/sputnik.md\/radio_rubrica_accentul_zilei\/20180427\/18851613\/premiera-insitutii-stat-activa-stinga-nistrului.html<\/a><\/p>\n","protected":false},"excerpt":{"rendered":"<p>\u00cencep\u00e2nd cu 1 septembrie 2018 posesorii de ma\u0219ini din regiunea transnistrean\u0103 vor primi pl\u0103cu\u021be de \u00eenmatriculare neutre \u0219i vor fi admi\u0219i \u00een traficul interna\u021bional. Deputatul Sergiu S\u00e2rbu a f\u0103cut c\u00e2teva dezv\u0103luiri privind detaliile acordului semnat la Bender de c\u0103tre negociatorii \u0219efi din partea Chi\u0219in\u0103ului \u0219i Tiraspolului. Deputatul Sergiu S\u00e2rbu a declarat pentru studioul radio Sputnik&#8230;<\/p>\n","protected":false},"author":2,"featured_media":0,"comment_status":"closed","ping_status":"open","sticky":false,"template":"","format":"standard","meta":[],"categories":[1],"tags":[],"_links":{"self":[{"href":"https:\/\/centers.ulbsibiu.ro\/ccsprise\/lact\/wp-json\/wp\/v2\/posts\/4723"}],"collection":[{"href":"https:\/\/centers.ulbsibiu.ro\/ccsprise\/lact\/wp-json\/wp\/v2\/posts"}],"about":[{"href":"https:\/\/centers.ulbsibiu.ro\/ccsprise\/lact\/wp-json\/wp\/v2\/types\/post"}],"author":[{"embeddable":true,"href":"https:\/\/centers.ulbsibiu.ro\/ccsprise\/lact\/wp-json\/wp\/v2\/users\/2"}],"replies":[{"embeddable":true,"href":"https:\/\/centers.ulbsibiu.ro\/ccsprise\/lact\/wp-json\/wp\/v2\/comments?post=4723"}],"version-history":[{"count":1,"href":"https:\/\/centers.ulbsibiu.ro\/ccsprise\/lact\/wp-json\/wp\/v2\/posts\/4723\/revisions"}],"predecessor-version":[{"id":4724,"href":"https:\/\/centers.ulbsibiu.ro\/ccsprise\/lact\/wp-json\/wp\/v2\/posts\/4723\/revisions\/4724"}],"wp:attachment":[{"href":"https:\/\/centers.ulbsibiu.ro\/ccsprise\/lact\/wp-json\/wp\/v2\/media?parent=4723"}],"wp:term":[{"taxonomy":"category","embeddable":true,"href":"https:\/\/centers.ulbsibiu.ro\/ccsprise\/lact\/wp-json\/wp\/v2\/categories?post=4723"},{"taxonomy":"post_tag","embeddable":true,"href":"https:\/\/centers.ulbsibiu.ro\/ccsprise\/lact\/wp-json\/wp\/v2\/tags?post=4723"}],"curies":[{"name":"wp","href":"https:\/\/api.w.org\/{rel}","templated":true}]}}