{"id":4719,"date":"2018-04-30T08:34:36","date_gmt":"2018-04-30T06:34:36","guid":{"rendered":"https:\/\/centers.ulbsibiu.ro\/ccsprise\/lact\/?p=4719"},"modified":"2020-06-12T18:46:06","modified_gmt":"2020-06-12T16:46:06","slug":"tribuna-md-lupta-din-spatele-cortinei-electorale","status":"publish","type":"post","link":"https:\/\/centers.ulbsibiu.ro\/ccsprise\/lact\/tribuna-md-lupta-din-spatele-cortinei-electorale\/","title":{"rendered":"Tribuna.md &#8211; Lupta din spatele cortinei electorale"},"content":{"rendered":"<p><strong>\u00cen timp ce opinia public\u0103 urm\u0103re\u015fte cu sufletul la gur\u0103 lupta ce se duce pentru principalele prim\u0103rii ale \u0163\u0103rii \u2013 Chi\u015fin\u0103u \u015fi B\u0103l\u0163i, \u00een spatele acesteia se duce o lupt\u0103 mult mai dur\u0103, care-i are ca protagoni\u015fti pe Pre\u015fedintele Igor Dodon, pe de o parte, \u015fi pe cei de la guvernare pe de alt\u0103 parte. \u015ei aceast\u0103 lupt\u0103 se duce pe \u201efrontul transnistrean\u201d.<\/strong><\/p>\n<p>\u00cen genere, se creeaz\u0103 impresia c\u0103 de ceva timp (de c\u00e2teva luni) a \u00eenceput o competi\u0163ie acerb\u0103 \u00eentre guvernare \u015fi \u015feful statului \u00een ceea ce \u0163ine de avansarea \u00een solu\u0163ionarea problemei transnistrene. Mai concret, aceast\u0103 competi\u0163ie a \u00eenceput \u00een momentul \u00een care Pre\u015fedintele Igor Dodon a anun\u0163at c\u0103 \u00een scurt timp vor ap\u0103rea premise reale pentru solu\u0163ionarea problemei transnistrene. \u015eeful statului a explicat ce a avut \u00een vedere \u2013 dup\u0103 o perioad\u0103 de confruntare \u00eentre Rusia \u015fi Occident, aceste mari for\u0163e ale lumii vor c\u0103uta tangen\u0163e \u015fi interese comune. Mai mult ca at\u00e2t, vor \u00eencerca s\u0103 solu\u0163ioneze \u00een comun o problem\u0103 important\u0103, iar cea transnistrean\u0103 este c\u00e2t se poate de potrivit\u0103 din acest punct de vedere. Mai ales c\u0103 e chiar la frontiera UE \u015fi NATO, iar Rusia, potrivit unei idei enun\u0163ate anterior, are fa\u0163\u0103 de Transnistria o abordare de genul: \u201eE greu s\u0103 t\u00e2r\u0103\u015fti \u00een continuare acest geamantan f\u0103r\u0103 m\u00e2ner, dar nici s\u0103-l arunci nu po\u0163i\u201d.<\/p>\n<p>Intuind aceast\u0103 posibil\u0103 conjunctur\u0103 favorabil\u0103, Pre\u015fedintele Igor Dodon a \u00eenceput s\u0103 se preg\u0103teasc\u0103 temeinic de solu\u0163ionarea problemei transnistrene. Aici se \u00eenscriu \u015fi desele sale vizite \u015fi discu\u0163ii cu Pre\u015fedintele Rusiei, Vladimir Putin, \u015fi frecventele \u00eentrevederi cu liderul de la Tiraspol, Vadim Krasnoselski, cu care au agreat chiar \u015fi o list\u0103 a opt direc\u0163ii \u00een care trebuie s\u0103 se ac\u0163ioneze, dar \u015fi multe alte ac\u0163iuni de acest fel. \u00cens\u0103, \u00een momentul \u00een care \u015feful statului a \u00eenceput s\u0103 se mi\u015fte activ \u00een direc\u0163ia respectiv\u0103, s-a activizat vizibil \u015fi guvernarea.<\/p>\n<p>Astfel, la finele anului trecut a fost deschis podul peste Nistru din regiunea satelor B\u00e2cioc \u2013 Gura B\u00e2cului, au fost semnate cele patru importante decizii protocolare \u00eentre Chi\u015fin\u0103u \u015fi Tiraspol, iar recent s-a mers mai departe \u2013 s-a venit cu solu\u0163ii pentru p\u0103m\u00e2nturile pe care fermierii din Dub\u0103sari nu prea le pot prelucra dat fiind impedimentele impuse de Tiraspol, s-a g\u0103sit o solu\u0163ie (pe care unii, apropo, o critic\u0103) pentru automobilele din regiunea transnistrean\u0103 ce vor circula av\u00e2nd pl\u0103cu\u0163e neutre speciale, s-au g\u0103sit unele solu\u0163ii pentru \u015fcolile cu predare \u00een limba rom\u00e2n\u0103 din Transnistria etc. \u015ei apropo, aceste ultime ac\u0163iuni au avut loc \u00een preajma unei noi \u00eentrevederi a lui Igor Dodon cu Vadim Krasnoselski, iar o dovad\u0103 c\u0103 guvernarea a f\u0103cut tot posibilul pentru a umbri aceast\u0103 \u00eentrevedere este \u015fi activizarea evident\u0103 \u00een acea zi a vicepremierului pentru reintegrarea \u0163\u0103rii, Cristina Lesnic, care a participat chiar \u015fi la o ampl\u0103 emisiune tv tematic\u0103 (de parc\u0103 alte zile nu ar fi fost potrivite pentru aceast\u0103 emisiune).<\/p>\n<p>Dar aceast\u0103 activizare evident\u0103 a guvern\u0103rii provoac\u0103 anumite \u00eentreb\u0103ri. Unele \u0163in de modalitatea \u00een care se ajunge la aceste decizii \u015fi se aud voci care spun c\u0103 e vorba de \u00een\u0163elegeri dintre cei ce stau \u00een spatele guvernan\u0163ilor de la Chi\u015fin\u0103u \u015fi Tiraspol. Iar aceasta provoac\u0103 deja alte \u00eentreb\u0103ri, de genul: De ce, dac\u0103 a fost posibil de \u00een\u0163eles cu Tiraspolul, aceste lucruri nu s-au \u00eent\u00e2mplat p\u00e2n\u0103 acum? Al\u0163ii, din contra, calific\u0103 respectivele \u00een\u0163elegeri dintre Chi\u015fin\u0103u \u015fi Tiraspol drept periculoase \u015fi care contravin intereselor RM. Iar guvernarea nu reac\u0163ioneaz\u0103 la aceste critici, semn c\u0103 \u015fi le asum\u0103 con\u015ftient. Probabil, miza e mult prea mare \u015fi guvernarea nu-\u015fi poate permite s\u0103 devieze de la scopul principal, iar acesta, din c\u00e2te putem intui, \u0163ine de solu\u0163ionarea problemei transnistrene.<\/p>\n<p>Prin urmare, acest activism, care e remarcat concomitent pe dou\u0103 filiere, ne duce la g\u00e2ndul c\u0103 afirma\u0163ia Pre\u015fedintelui c\u0103 \u00een scurt timp vor ap\u0103rea premise reale pentru solu\u0163ionarea problemei transnistrene e c\u00e2t se poate de serioas\u0103, veridic\u0103 \u015fi fondat\u0103. \u015ei atunci apare \u00eentrebarea: Oare nu cumva alegerile din Chi\u015fin\u0103u \u015fi B\u0103l\u0163i au fost declan\u015fate pentru a camufla o lupt\u0103 mult mai important\u0103 dec\u00e2t cea \u00een care la b\u0103taie sunt puse dou\u0103 func\u0163ii de primari?<\/p>\n<p><em><strong>Dumitru Sp\u0103taru<\/strong><\/em><\/p>\n<p>Sursa:\u00a0<a href=\"http:\/\/tribuna.md\/2018\/04\/29\/lupta-din-spatele-cortinei-electorale\/\">http:\/\/tribuna.md\/<\/a><\/p>\n","protected":false},"excerpt":{"rendered":"<p>\u00cen timp ce opinia public\u0103 urm\u0103re\u015fte cu sufletul la gur\u0103 lupta ce se duce pentru principalele prim\u0103rii ale \u0163\u0103rii \u2013 Chi\u015fin\u0103u \u015fi B\u0103l\u0163i, \u00een spatele acesteia se duce o lupt\u0103 mult mai dur\u0103, care-i are ca protagoni\u015fti pe Pre\u015fedintele Igor Dodon, pe de o parte, \u015fi pe cei de la guvernare pe de alt\u0103 parte&#8230;.<\/p>\n","protected":false},"author":2,"featured_media":0,"comment_status":"closed","ping_status":"open","sticky":false,"template":"","format":"standard","meta":[],"categories":[1],"tags":[],"_links":{"self":[{"href":"https:\/\/centers.ulbsibiu.ro\/ccsprise\/lact\/wp-json\/wp\/v2\/posts\/4719"}],"collection":[{"href":"https:\/\/centers.ulbsibiu.ro\/ccsprise\/lact\/wp-json\/wp\/v2\/posts"}],"about":[{"href":"https:\/\/centers.ulbsibiu.ro\/ccsprise\/lact\/wp-json\/wp\/v2\/types\/post"}],"author":[{"embeddable":true,"href":"https:\/\/centers.ulbsibiu.ro\/ccsprise\/lact\/wp-json\/wp\/v2\/users\/2"}],"replies":[{"embeddable":true,"href":"https:\/\/centers.ulbsibiu.ro\/ccsprise\/lact\/wp-json\/wp\/v2\/comments?post=4719"}],"version-history":[{"count":1,"href":"https:\/\/centers.ulbsibiu.ro\/ccsprise\/lact\/wp-json\/wp\/v2\/posts\/4719\/revisions"}],"predecessor-version":[{"id":4720,"href":"https:\/\/centers.ulbsibiu.ro\/ccsprise\/lact\/wp-json\/wp\/v2\/posts\/4719\/revisions\/4720"}],"wp:attachment":[{"href":"https:\/\/centers.ulbsibiu.ro\/ccsprise\/lact\/wp-json\/wp\/v2\/media?parent=4719"}],"wp:term":[{"taxonomy":"category","embeddable":true,"href":"https:\/\/centers.ulbsibiu.ro\/ccsprise\/lact\/wp-json\/wp\/v2\/categories?post=4719"},{"taxonomy":"post_tag","embeddable":true,"href":"https:\/\/centers.ulbsibiu.ro\/ccsprise\/lact\/wp-json\/wp\/v2\/tags?post=4719"}],"curies":[{"name":"wp","href":"https:\/\/api.w.org\/{rel}","templated":true}]}}