{"id":4717,"date":"2018-04-30T08:32:38","date_gmt":"2018-04-30T06:32:38","guid":{"rendered":"https:\/\/centers.ulbsibiu.ro\/ccsprise\/lact\/?p=4717"},"modified":"2020-06-12T12:43:32","modified_gmt":"2020-06-12T10:43:32","slug":"europalibera-org-in-ceea-ce-priveste-solutionarea-politica-a-conflictului-noi-doar-pierdem-timpul","status":"publish","type":"post","link":"https:\/\/centers.ulbsibiu.ro\/ccsprise\/lact\/europalibera-org-in-ceea-ce-priveste-solutionarea-politica-a-conflictului-noi-doar-pierdem-timpul\/","title":{"rendered":"Europalibera.org &#8211; \u201e\u00cen ceea ce prive\u0219te solu\u021bionarea politic\u0103 a conflictului noi doar pierdem timpul\u201d"},"content":{"rendered":"<p><a class=\"links__item-link\" title=\"Valentina Ursu\" href=\"https:\/\/www.europalibera.org\/author\/20537.html\">Valentina Ursu<\/a><\/p>\n<div class=\"intro content-offset\">\n<p>Interviu cu analistul politic Oazu Nantoi.<\/p>\n<\/div>\n<div id=\"article-content\" class=\"content-floated-wrap\">\n<div class=\"wsw\">\n<p><em>Negocierile dintre Chi<\/em><em>\u0219<\/em><em>in\u0103u <\/em><em>\u0219<\/em><em>i Tiraspol s-au intensificat \u00een ultima vreme, incluz\u00e2nd semnarea unei \u00een<\/em><em>\u021b<\/em><em>elegeri controversate \u00een privin<\/em><em>\u021b<\/em><em>a \u00eenmatricul\u0103rii vehiculelor din st\u00e2nga Nistrului <\/em><em>\u0219<\/em><em>i o \u00eent\u00e2lnire a pre<\/em><em>\u0219<\/em><em>edintelui Igor Dodon cu liderul regiunii transnistreane Vadim Krasnoselski. Compromisul la care s-a ajuns cu autorit\u0103\u0163ile din st\u00e2nga Nistrului ridic\u0103 mai multe semne de \u00eentrebare inclusiv din cauza repeziciunii cu care au fost luate, crede analistul politic Oazu Nantoi.<\/em><\/p>\n<p><strong>Europa Liber\u0103: Dac\u0103 Oazu Nantoi era \u00eentr-o func<\/strong><strong>\u021b<\/strong><strong>ie-cheie \u00een Republica Moldova, ce solu<\/strong><strong>\u021b<\/strong><strong>ii propunea pentru reglementarea transnistrean\u0103?<\/strong><\/p>\n<p><strong>Oazu Nantoi:<\/strong> \u201e\u00cen primul r\u00e2nd, este vorba de un plan de ac\u021biuni ce urmeaz\u0103 s\u0103 fie realizat pe durata mai multor ani din momentul \u00een care se vor crea condi\u021biile politice pentru rezolvarea acestei probleme. \u00cen st\u00e2nga Nistrului, \u00een pofida faptului c\u0103 acolo sunt, dac\u0103 s\u0103-l credem pe dl pre\u0219edinte Igor Dodon, 230.000 de locuitori cu pa\u0219apoarte moldovene\u0219ti, asta deloc nu \u00eenseamn\u0103 c\u0103 ei sunt loiali statului Republica Moldova \u0219i ei sunt compatibili cu, s\u0103 spunem a\u0219a, starea de spirit de pe malul drept al Nistrului. Cu toate c\u0103 majoritatea oamenilor din st\u00e2nga Nistrului deja circul\u0103 liber pe malul drept, la orice institu\u021bie medical\u0103 vezi autoturisme cu numere de \u00eenmatriculare din st\u00e2nga Nistrului, oamenii fac business pe malul drept, caut\u0103 servicii medicale etc., dar \u00een ceea ce prive\u0219te solu\u021bionarea politic\u0103 a conflictului, noi doar pierdem timpul, dar timpul este a\u0219a o resurs\u0103 care este foarte greu de recuperat.\u201d<\/p>\n<p><strong>Europa Liber\u0103: Dar, \u00een opinia Dvs., ce pa<\/strong><strong>\u0219<\/strong><strong>i totu<\/strong><strong>\u0219<\/strong><strong>i trebuie de f\u0103cut, consecvent, ca popula<\/strong><strong>\u021b<\/strong><strong>ia de pe cele dou\u0103 maluri ale Nistrului s\u0103 se reunifice?<\/strong><\/p>\n<p><strong>Oazu Nantoi:<\/strong> \u201ePopula\u021bia de pe malul st\u00e2ng al Nistrului trebuie integrat\u0103 pas cu pas \u00een spa\u021biul economic, juridic, educa\u021bional, \u00een spa\u021biul de politici sociale, informa\u021bional, mental al Republicii Moldova. \u0218i aceste politici urmeaz\u0103 s\u0103 fie realizate prin \u00eembinarea unor m\u0103suri de facilitare, s\u0103 spunem a\u0219a, pozitiv\u0103 \u0219i m\u0103suri coercitive \u00een parteneriat cu Ucraina, \u00een primul r\u00e2nd, \u0219i, dac\u0103 sunt de acord, Uniunea European\u0103 \u0219i Statele Unite ale Americii. \u00cen st\u00e2nga Nistrului exist\u0103 biologia oficial\u0103, deci fort\u0103rea\u021ba lumii ruse \u00eempreun\u0103 cu Rusia etc., etc., \u00eens\u0103 din 18 mai 2006 to\u021bi agen\u021bii economici din st\u00e2nga Nistrului au \u00eenceput s\u0103 se \u00eenregistreze la Chi\u0219in\u0103u, dup\u0103 ce la 3 martie 2006 a \u00eenceput s\u0103 func\u021bioneze EUBAM-ul \u0219i se prezint\u0103 \u00een afara Republicii Moldova \u00een calitate de agen\u021bi economici loiali ai Republicii Moldova, export\u00e2nd bunurile lor pe pia\u021ba Uniunii Europene \u0219i \u00een alte \u021b\u0103ri \u0219i nu au nevoie de niciun fel de statute superficiale sau de ni\u0219te certificate de conformitate neutre. Ei sunt agen\u021bi economici ai Republicii Moldova. Acei 230.000 de locuitori ai Transnistriei care de\u021bin pa\u0219apoarte biometrice moldovene\u0219ti, ei iar\u0103\u0219i nu pretind la niciun specific.\u201d<\/p>\n<p>Interviul complet la\u00a0<a href=\"https:\/\/www.europalibera.org\/a\/interviiu-cu-oazu-nantoi\/29197570.html\">https:\/\/www.europalibera.org\/<\/a><\/p>\n<\/div>\n<\/div>\n","protected":false},"excerpt":{"rendered":"<p>Valentina Ursu Interviu cu analistul politic Oazu Nantoi. Negocierile dintre Chi\u0219in\u0103u \u0219i Tiraspol s-au intensificat \u00een ultima vreme, incluz\u00e2nd semnarea unei \u00een\u021belegeri controversate \u00een privin\u021ba \u00eenmatricul\u0103rii vehiculelor din st\u00e2nga Nistrului \u0219i o \u00eent\u00e2lnire a pre\u0219edintelui Igor Dodon cu liderul regiunii transnistreane Vadim Krasnoselski. Compromisul la care s-a ajuns cu autorit\u0103\u0163ile din st\u00e2nga Nistrului ridic\u0103 mai&#8230;<\/p>\n","protected":false},"author":2,"featured_media":0,"comment_status":"closed","ping_status":"open","sticky":false,"template":"","format":"standard","meta":[],"categories":[1],"tags":[],"_links":{"self":[{"href":"https:\/\/centers.ulbsibiu.ro\/ccsprise\/lact\/wp-json\/wp\/v2\/posts\/4717"}],"collection":[{"href":"https:\/\/centers.ulbsibiu.ro\/ccsprise\/lact\/wp-json\/wp\/v2\/posts"}],"about":[{"href":"https:\/\/centers.ulbsibiu.ro\/ccsprise\/lact\/wp-json\/wp\/v2\/types\/post"}],"author":[{"embeddable":true,"href":"https:\/\/centers.ulbsibiu.ro\/ccsprise\/lact\/wp-json\/wp\/v2\/users\/2"}],"replies":[{"embeddable":true,"href":"https:\/\/centers.ulbsibiu.ro\/ccsprise\/lact\/wp-json\/wp\/v2\/comments?post=4717"}],"version-history":[{"count":1,"href":"https:\/\/centers.ulbsibiu.ro\/ccsprise\/lact\/wp-json\/wp\/v2\/posts\/4717\/revisions"}],"predecessor-version":[{"id":4718,"href":"https:\/\/centers.ulbsibiu.ro\/ccsprise\/lact\/wp-json\/wp\/v2\/posts\/4717\/revisions\/4718"}],"wp:attachment":[{"href":"https:\/\/centers.ulbsibiu.ro\/ccsprise\/lact\/wp-json\/wp\/v2\/media?parent=4717"}],"wp:term":[{"taxonomy":"category","embeddable":true,"href":"https:\/\/centers.ulbsibiu.ro\/ccsprise\/lact\/wp-json\/wp\/v2\/categories?post=4717"},{"taxonomy":"post_tag","embeddable":true,"href":"https:\/\/centers.ulbsibiu.ro\/ccsprise\/lact\/wp-json\/wp\/v2\/tags?post=4717"}],"curies":[{"name":"wp","href":"https:\/\/api.w.org\/{rel}","templated":true}]}}