{"id":4715,"date":"2018-04-27T17:17:53","date_gmt":"2018-04-27T15:17:53","guid":{"rendered":"https:\/\/centers.ulbsibiu.ro\/ccsprise\/lact\/?p=4715"},"modified":"2020-06-12T18:46:27","modified_gmt":"2020-06-12T16:46:27","slug":"europalibera-org-numerele-de-inmatriculare","status":"publish","type":"post","link":"https:\/\/centers.ulbsibiu.ro\/ccsprise\/lact\/europalibera-org-numerele-de-inmatriculare\/","title":{"rendered":"Europalibera.org &#8211; Numerele de \u00eenmatriculare"},"content":{"rendered":"<p><a class=\"links__item-link\" title=\"Dan Alexe\" href=\"https:\/\/www.europalibera.org\/author\/20518.html\">Dan Alexe<\/a><\/p>\n<div class=\"intro content-offset\">\n<p>Serbia accept\u0103 intrarea vehiculelor cu numere de Kosovo, \u00eens\u0103 pe teritoriul Serbiei, sau trec\u00e2nd mai departe, ele s\u00eent obligate s\u0103 poarte numere s\u00e2rbe\u0219ti provizorii speciale.<\/p>\n<\/div>\n<div id=\"article-content\" class=\"content-floated-wrap\">\n<div class=\"wsw\">\n<p>Cel mai cunoscut \u0219i mai limpede exemplu de ambiguitate circulatorie este Kosovo. Acolo, posesorii de automobile au trebuit s\u0103 treac\u0103 prin mai multe r\u00e2nduri \u0219i modele de pl\u0103ci de \u00eenmatriculare, totul sub supraveghere interna\u021bional\u0103 \u0219i \u00eengreunat de refuzul Serbiei de a accepta orice tip de pl\u0103cu\u021be care ar da argumente sprijinitorilor independen\u021bei provinciei Kosovo&#8230; independent\u0103 de facto, de altfel.<\/p>\n<p>\u00cen teorie, Serbia accept\u0103 intrarea vehiculelor cu pl\u0103cu\u021be de Kosovo, \u00eens\u0103, pe teritoriul Serbiei, sau trec\u00e2nd mai departe, ele vor fi obligate s\u0103 poarte pl\u0103ci s\u00e2rbe\u0219ti provizorii speciale. Aceste pl\u0103cu\u021be provizorii de \u00eenmatriculare nu ar fi, oricum, valabile \u00een anumite \u021b\u0103ri ale Uniunii Europene care nu au recunoscut independen\u021ba Kosovo, una din acestea fiind Rom\u00e2nia.<\/p>\n<p>Kosovo este de altfel una din acele \u021b\u0103ri sau teritorii unde pl\u0103cu\u021ba de \u00eenmatriculare arat\u0103 limpede din ce loc exact vine ma\u0219ina, teritoriul Kosovo fiind \u00eemp\u0103r\u021bit \u00een \u0219apte zone numerotate care corespund principalelor \u0219apte localit\u0103\u021bi, oarecum precum jude\u021bele \u00een Rom\u00e2nia. Asta contrasteaz\u0103 total cu alte sisteme de atribuire a pl\u0103cu\u021belor, precum cel din Belgia de pild\u0103, unde este imposibil de ghicit din ce zon\u0103 vine o ma\u0219in\u0103, pentru c\u0103 acea combina\u021bie de cifre \u0219i litere de pe pl\u0103cu\u021b\u0103 este atribuit\u0103 la voia \u00eent\u00e2mpl\u0103rii, \u00een func\u021bie de ordinea \u00eenscrierii.<\/p>\n<p>\u00centr-o situa\u021bia practic identic\u0103 cu cea din Kosovo se afl\u0103 \u0219i regiunile separatiste din Georgia, \u0219i anume: Abhazia \u0219i Osetia de Sud, care s-au declarat independente de Georgia \u0219i sunt sub ocupa\u021bie militar\u0103 ruseasc\u0103. Acolo, de asemenea, pl\u0103cu\u021bele locale nu sunt recunoscute de Georgia \u0219i de nici de o alt\u0103 \u021bar\u0103 din lume, a\u0219a \u00eenc\u00e2t posesorii de de vehicule nu pot c\u0103l\u0103tori dec\u00e2t trec\u00e2nd grani\u021ba \u00een Rusia. Diferen\u021ba fa\u021b\u0103 de Kosovo este c\u0103 Abhazia \u0219i Osetia de Sud nu recunosc, la r\u00e2ndul lor, pl\u0103cu\u021bele georgiene, \u00een vreme ce \u00een Kosovo o ma\u0219in\u0103 \u00eenmatriculat\u0103 \u00een Serbia poate circula liber\u2026 pentru cine \u00eendr\u0103zne\u0219te.<\/p>\n<p>Alte teritorii ar fi, de pild\u0103, Karabahul, care \u00een armean\u0103 \u00ee\u0219i spune Ar\u021bah \u0219i unde vehiculele locale poart\u0103 pur \u0219i simplu pl\u0103cu\u021be armene\u0219ti, sau Gibraltar, unde pl\u0103cu\u021bele sunt similare cu cele britanice. Ma\u0219inile din Gibraltar pot circula liber \u00een Spania \u0219i \u00een restul Europei, \u00eens\u0103 sunt deseori supuse multor h\u0103r\u021buieli ale vame\u0219ilor la grani\u021ba spaniol\u0103.<\/p>\n<p>\u00cen schimb, Ciprul de Nord, ocupat de Turcia, a p\u0103strat sistemul vechi de pl\u0103cu\u021be, din momentul rupturii, a\u0219a \u00eenc\u00e2t locuitorii de acolo pot circula cu ma\u0219ina doar \u00een partea lor de insul\u0103.<\/p>\n<p>\u00cen sf\u00e2r\u0219it, Vaticanul, stat suveran, are propriile sale pl\u0103cu\u021be, recunoscute prin literele SCV, care \u00eenseamn\u0103 <em>Status Civitatis Vaticanae <\/em>(\u201eStatul Ora\u0219ului Vatican\u201d) \u0219i din care cea mai cunoscut\u0103 este ma\u0219ina Papei, acel \u201epapamobil\u201d cu pl\u0103cu\u021ba SCV 1.<\/p>\n<p>Sursa:\u00a0<a href=\"https:\/\/www.europalibera.org\/a\/dictionar-european-numere-de-inmatriculare\/29196334.html\">https:\/\/www.europalibera.org<\/a><\/p>\n<\/div>\n<\/div>\n","protected":false},"excerpt":{"rendered":"<p>Dan Alexe Serbia accept\u0103 intrarea vehiculelor cu numere de Kosovo, \u00eens\u0103 pe teritoriul Serbiei, sau trec\u00e2nd mai departe, ele s\u00eent obligate s\u0103 poarte numere s\u00e2rbe\u0219ti provizorii speciale. Cel mai cunoscut \u0219i mai limpede exemplu de ambiguitate circulatorie este Kosovo. Acolo, posesorii de automobile au trebuit s\u0103 treac\u0103 prin mai multe r\u00e2nduri \u0219i modele de pl\u0103ci&#8230;<\/p>\n","protected":false},"author":2,"featured_media":0,"comment_status":"closed","ping_status":"open","sticky":false,"template":"","format":"standard","meta":[],"categories":[1],"tags":[],"_links":{"self":[{"href":"https:\/\/centers.ulbsibiu.ro\/ccsprise\/lact\/wp-json\/wp\/v2\/posts\/4715"}],"collection":[{"href":"https:\/\/centers.ulbsibiu.ro\/ccsprise\/lact\/wp-json\/wp\/v2\/posts"}],"about":[{"href":"https:\/\/centers.ulbsibiu.ro\/ccsprise\/lact\/wp-json\/wp\/v2\/types\/post"}],"author":[{"embeddable":true,"href":"https:\/\/centers.ulbsibiu.ro\/ccsprise\/lact\/wp-json\/wp\/v2\/users\/2"}],"replies":[{"embeddable":true,"href":"https:\/\/centers.ulbsibiu.ro\/ccsprise\/lact\/wp-json\/wp\/v2\/comments?post=4715"}],"version-history":[{"count":1,"href":"https:\/\/centers.ulbsibiu.ro\/ccsprise\/lact\/wp-json\/wp\/v2\/posts\/4715\/revisions"}],"predecessor-version":[{"id":4716,"href":"https:\/\/centers.ulbsibiu.ro\/ccsprise\/lact\/wp-json\/wp\/v2\/posts\/4715\/revisions\/4716"}],"wp:attachment":[{"href":"https:\/\/centers.ulbsibiu.ro\/ccsprise\/lact\/wp-json\/wp\/v2\/media?parent=4715"}],"wp:term":[{"taxonomy":"category","embeddable":true,"href":"https:\/\/centers.ulbsibiu.ro\/ccsprise\/lact\/wp-json\/wp\/v2\/categories?post=4715"},{"taxonomy":"post_tag","embeddable":true,"href":"https:\/\/centers.ulbsibiu.ro\/ccsprise\/lact\/wp-json\/wp\/v2\/tags?post=4715"}],"curies":[{"name":"wp","href":"https:\/\/api.w.org\/{rel}","templated":true}]}}