{"id":4710,"date":"2018-04-26T17:54:26","date_gmt":"2018-04-26T15:54:26","guid":{"rendered":"https:\/\/centers.ulbsibiu.ro\/ccsprise\/lact\/?p=4710"},"modified":"2018-04-26T17:54:26","modified_gmt":"2018-04-26T15:54:26","slug":"gov-md-la-tiraspol-a-avut-loc-sedinta-grupului-de-lucru-privind-combaterea-criminalitatii-si-situatii-exceptionale","status":"publish","type":"post","link":"https:\/\/centers.ulbsibiu.ro\/ccsprise\/lact\/gov-md-la-tiraspol-a-avut-loc-sedinta-grupului-de-lucru-privind-combaterea-criminalitatii-si-situatii-exceptionale\/","title":{"rendered":"Gov.md &#8211; La Tiraspol a avut loc \u0219edin\u021ba grupului de lucru privind combaterea criminalit\u0103\u021bii \u0219i situa\u021bii excep\u021bionale"},"content":{"rendered":"<p>Ieri, 25 aprilie curent, la sediul din or. Tiraspol a Misiunii OSCE \u00een Republica\u00a0 Moldova a avut loc \u0219edin\u021ba grupului de lucru privind combaterea criminalit\u0103\u021bii \u0219i situa\u021bii excep\u021bionale, cu participarea reprezentan\u021bilor din formatul de negocieri \u201e5+2\u201d.<\/p>\n<p>P\u0103r\u021bile au salutat relansarea activit\u0103\u021bii acestui grup de lucru dup\u0103 o pauz\u0103 de mai bine de un an \u0219i au exprimat disponibilitatea de a examina \u0219i de a identifica solu\u021bii la problemele existente.<\/p>\n<p>Cu prec\u0103dere, \u00een cadrul \u0219edin\u021bei au fost abordate aspectele de baz\u0103 ale interac\u021biunii \u00een domeniul prevenirii \u0219i combaterii consecin\u021belor situa\u021biilor excep\u021bionale de pe cele dou\u0103 maluri ale Nistrului.<\/p>\n<p>\u00cen aceea\u0219i ordine de idei, Chi\u0219in\u0103ul \u0219i Tiraspolul s-au angajat s\u0103 reexamineze propunerile lansate anterior \u00een domeniul prevenirii criminalit\u0103\u021bii \u00een vederea identific\u0103rii unui numitor comun \u00een conformitate cu normele legale \u00een acest sens.<\/p>\n<p>Urm\u0103toarea \u0219edin\u021b\u0103 a grupului de lucru privind combaterea criminalit\u0103\u021bii \u0219i situa\u021bii excep\u021bionale va avea loc la Chi\u0219in\u0103u.<\/p>\n<p>Reamintim c\u0103 ultima \u0219edin\u021b\u0103 a grupului de lucru pentru combaterea criminalit\u0103\u021bii \u0219i situa\u021bii excep\u021bionale a avut loc la 19 aprilie 2017.<\/p>\n<p>Sursa:\u00a0<a href=\"https:\/\/gov.md\/ro\/content\/la-tiraspol-avut-loc-sedinta-grupului-de-lucru-privind-combaterea-criminalitatii-si-situatii\">https:\/\/gov.md\/<\/a><\/p>\n","protected":false},"excerpt":{"rendered":"<p>Ieri, 25 aprilie curent, la sediul din or. Tiraspol a Misiunii OSCE \u00een Republica\u00a0 Moldova a avut loc \u0219edin\u021ba grupului de lucru privind combaterea criminalit\u0103\u021bii \u0219i situa\u021bii excep\u021bionale, cu participarea reprezentan\u021bilor din formatul de negocieri \u201e5+2\u201d. P\u0103r\u021bile au salutat relansarea activit\u0103\u021bii acestui grup de lucru dup\u0103 o pauz\u0103 de mai bine de un an \u0219i&#8230;<\/p>\n","protected":false},"author":2,"featured_media":0,"comment_status":"closed","ping_status":"open","sticky":false,"template":"","format":"standard","meta":[],"categories":[1],"tags":[],"_links":{"self":[{"href":"https:\/\/centers.ulbsibiu.ro\/ccsprise\/lact\/wp-json\/wp\/v2\/posts\/4710"}],"collection":[{"href":"https:\/\/centers.ulbsibiu.ro\/ccsprise\/lact\/wp-json\/wp\/v2\/posts"}],"about":[{"href":"https:\/\/centers.ulbsibiu.ro\/ccsprise\/lact\/wp-json\/wp\/v2\/types\/post"}],"author":[{"embeddable":true,"href":"https:\/\/centers.ulbsibiu.ro\/ccsprise\/lact\/wp-json\/wp\/v2\/users\/2"}],"replies":[{"embeddable":true,"href":"https:\/\/centers.ulbsibiu.ro\/ccsprise\/lact\/wp-json\/wp\/v2\/comments?post=4710"}],"version-history":[{"count":2,"href":"https:\/\/centers.ulbsibiu.ro\/ccsprise\/lact\/wp-json\/wp\/v2\/posts\/4710\/revisions"}],"predecessor-version":[{"id":4712,"href":"https:\/\/centers.ulbsibiu.ro\/ccsprise\/lact\/wp-json\/wp\/v2\/posts\/4710\/revisions\/4712"}],"wp:attachment":[{"href":"https:\/\/centers.ulbsibiu.ro\/ccsprise\/lact\/wp-json\/wp\/v2\/media?parent=4710"}],"wp:term":[{"taxonomy":"category","embeddable":true,"href":"https:\/\/centers.ulbsibiu.ro\/ccsprise\/lact\/wp-json\/wp\/v2\/categories?post=4710"},{"taxonomy":"post_tag","embeddable":true,"href":"https:\/\/centers.ulbsibiu.ro\/ccsprise\/lact\/wp-json\/wp\/v2\/tags?post=4710"}],"curies":[{"name":"wp","href":"https:\/\/api.w.org\/{rel}","templated":true}]}}