{"id":4708,"date":"2018-04-26T17:50:06","date_gmt":"2018-04-26T15:50:06","guid":{"rendered":"https:\/\/centers.ulbsibiu.ro\/ccsprise\/lact\/?p=4708"},"modified":"2018-04-26T17:50:06","modified_gmt":"2018-04-26T15:50:06","slug":"gov-md-delegatia-federatiei-ruse-s-a-razgandit-si-s-a-alaturat-pozitiei-promovate-de-delegatia-transnistreana","status":"publish","type":"post","link":"https:\/\/centers.ulbsibiu.ro\/ccsprise\/lact\/gov-md-delegatia-federatiei-ruse-s-a-razgandit-si-s-a-alaturat-pozitiei-promovate-de-delegatia-transnistreana\/","title":{"rendered":"Gov.md &#8211; Delega\u021bia Federa\u021biei Ruse s-a r\u0103zg\u00e2ndit \u0219i s-a al\u0103turat pozi\u021biei promovate de delega\u021bia transnistrean\u0103"},"content":{"rendered":"<p>La \u015fedin\u0163a Comisiei Unificate de Control din 26 aprilie curent, desf\u0103\u0219urat\u0103 \u00een or. Bender \u0219i condus\u0103 de delega\u0163ia transnistrean\u0103, a fost eliberat din func\u021bia de observator militar maiorul Vitalie Bogaciuk (Federa\u021bia Rus\u0103), \u00een leg\u0103tur\u0103 cu finisarea deplas\u0103rii de serviciu a acestuia. De asemenea, au fost audiate rapoartele s\u0103pt\u0103m\u00e2nale ale Comandamentului Militar \u00centrunit privind situa\u0163ia \u00een Zona de Securitate pentru perioada 11 \u2013 17 \u0219i 18 \u2013 24 aprilie 2018.<\/p>\n<p>Discu\u021bii aprinse au avut loc ulterior, \u00een cadrul unei \u0219edin\u021be neordinare prezidate de delega\u021bia Federa\u021biei Ruse, care a avut pe agend\u0103 identificarea solu\u021biilor legate de instalarea ilegal\u0103 a posturilor pretinselor structuri de for\u0163\u0103 ale Tiraspolului \u015fi de extinderea infrastructurii lor \u00een Zona de Securitate, pe podul peste r\u00e2ul Nistru din preajma satelor Gura-B\u00e2cului \u2013 B\u00e2cioc.<\/p>\n<p>Delega\u021bia Republicii Moldova pledeaz\u0103 pentru lichidarea posturilor de \u201egr\u0103niceri\u201d, \u201evame\u0219i\u201d \u0219i \u201emigra\u021bional\u201d, instalate ilegal de structurile transnistrene pe podul recent redeschis. Partea moldoveneasc\u0103 \u00a0\u0219i-a reafirmat pozi\u021bia sa pentru crearea unui mecanism comun de asigurare a circula\u021biei libere \u0219i \u00een siguran\u021b\u0103 pe pod, format din efectivele For\u021belor Mixte de Pacificare, ale Poli\u021biei \u0219i a\u0219a-numitei \u201emili\u021bii\u201d.<\/p>\n<p>De\u0219i la 29 martie curent delega\u021bia rus\u0103 a sus\u021binut aceast\u0103 propunere a delega\u021biei moldovene\u0219ti, la \u0219edin\u021ba din 26 aprilie co-pre\u0219edintele Comisiei Unificate de Control din partea Federa\u021biei Ruse, Ilia Uvarov, s-a al\u0103turat opiniei expuse de conduc\u0103torul delega\u021biei transnistrene, Oleg Beleakov, \u0219i \u00eempreun\u0103 au respins propunerea delega\u021biei Republicii Moldova. Pentru a-\u015fi justifica refuzul, d\u00e2n\u0219ii au invocat, de o manier\u0103 devenit\u0103 deja tradi\u0163ional\u0103, argumentul c\u0103 astfel de decizii nu ar fi de competen\u021ba Comisiei Unificate de Control, ci ar urma s\u0103 fie luat\u0103 la nivelul reprezentan\u021bilor politici \u00een cadrul procesului de negocieri.<\/p>\n<p>A\u0219a cum spiritele s-au \u00eencins, iar discu\u021biile au devenit neproductive, conduc\u0103torul delega\u021biei Federa\u021biei Ruse a \u00eentrerupt dezbaterea problemei.<\/p>\n<p>Comisia Unificat\u0103 de Control se va \u00eentruni din nou la 3 mai 2018.<\/p>\n<p><strong>\u00a0<\/strong><strong>\u00a0<\/strong><\/p>\n<p><strong>Delega\u021bia Republicii Moldova \u00een CUC<\/strong><\/p>\n<p>&nbsp;<\/p>\n<p>Sursa:\u00a0<a href=\"https:\/\/gov.md\/ro\/content\/delegatia-federatiei-ruse-s-razgandit-si-s-alaturat-pozitiei-promovate-de-delegatia\">https:\/\/gov.md\/<\/a><\/p>\n","protected":false},"excerpt":{"rendered":"<p>La \u015fedin\u0163a Comisiei Unificate de Control din 26 aprilie curent, desf\u0103\u0219urat\u0103 \u00een or. Bender \u0219i condus\u0103 de delega\u0163ia transnistrean\u0103, a fost eliberat din func\u021bia de observator militar maiorul Vitalie Bogaciuk (Federa\u021bia Rus\u0103), \u00een leg\u0103tur\u0103 cu finisarea deplas\u0103rii de serviciu a acestuia. De asemenea, au fost audiate rapoartele s\u0103pt\u0103m\u00e2nale ale Comandamentului Militar \u00centrunit privind situa\u0163ia \u00een&#8230;<\/p>\n","protected":false},"author":2,"featured_media":0,"comment_status":"closed","ping_status":"open","sticky":false,"template":"","format":"standard","meta":[],"categories":[1],"tags":[],"_links":{"self":[{"href":"https:\/\/centers.ulbsibiu.ro\/ccsprise\/lact\/wp-json\/wp\/v2\/posts\/4708"}],"collection":[{"href":"https:\/\/centers.ulbsibiu.ro\/ccsprise\/lact\/wp-json\/wp\/v2\/posts"}],"about":[{"href":"https:\/\/centers.ulbsibiu.ro\/ccsprise\/lact\/wp-json\/wp\/v2\/types\/post"}],"author":[{"embeddable":true,"href":"https:\/\/centers.ulbsibiu.ro\/ccsprise\/lact\/wp-json\/wp\/v2\/users\/2"}],"replies":[{"embeddable":true,"href":"https:\/\/centers.ulbsibiu.ro\/ccsprise\/lact\/wp-json\/wp\/v2\/comments?post=4708"}],"version-history":[{"count":1,"href":"https:\/\/centers.ulbsibiu.ro\/ccsprise\/lact\/wp-json\/wp\/v2\/posts\/4708\/revisions"}],"predecessor-version":[{"id":4709,"href":"https:\/\/centers.ulbsibiu.ro\/ccsprise\/lact\/wp-json\/wp\/v2\/posts\/4708\/revisions\/4709"}],"wp:attachment":[{"href":"https:\/\/centers.ulbsibiu.ro\/ccsprise\/lact\/wp-json\/wp\/v2\/media?parent=4708"}],"wp:term":[{"taxonomy":"category","embeddable":true,"href":"https:\/\/centers.ulbsibiu.ro\/ccsprise\/lact\/wp-json\/wp\/v2\/categories?post=4708"},{"taxonomy":"post_tag","embeddable":true,"href":"https:\/\/centers.ulbsibiu.ro\/ccsprise\/lact\/wp-json\/wp\/v2\/tags?post=4708"}],"curies":[{"name":"wp","href":"https:\/\/api.w.org\/{rel}","templated":true}]}}