{"id":4706,"date":"2018-04-26T17:43:04","date_gmt":"2018-04-26T15:43:04","guid":{"rendered":"https:\/\/centers.ulbsibiu.ro\/ccsprise\/lact\/?p=4706"},"modified":"2018-04-26T17:43:04","modified_gmt":"2018-04-26T15:43:04","slug":"infotag-md-guvernul-va-acorda-cate-100-mii-lei-scolilor-din-stanga-nistrului-cu-predare-in-grafie-latina","status":"publish","type":"post","link":"https:\/\/centers.ulbsibiu.ro\/ccsprise\/lact\/infotag-md-guvernul-va-acorda-cate-100-mii-lei-scolilor-din-stanga-nistrului-cu-predare-in-grafie-latina\/","title":{"rendered":"Infotag.md &#8211; GUVERNUL VA ACORDA C\u00c2TE 100 MII LEI \u015eCOLILOR DIN ST\u00c2NGA NISTRULUI CU PREDARE \u00ceN GRAFIE LATIN\u0102"},"content":{"rendered":"<p>Opt \u0219coli din st\u00e2nga Nistrului cu predare \u00een grafie latin\u0103 vor primi c\u00e2te un ajutor material unic \u00een valoare de 100 de mii de lei. Potrivit agen\u0163iei INFOTAG, acest lucru este prev\u0103zut de Programul activit\u0103\u0163ilor de reintegrare a \u0163\u0103rii pentru anul 2018, aprobat miercuri de Cabinetul de mini\u0219tri.<\/p>\n<p>\u00cen urma unui concurs de proiecte, prezentate de autorit\u0103\u021bile publice locale \u015fi centrale, au fost acceptate pentru finan\u021bare 49 de propuneri. Acestea prev\u0103d repara\u021bia \u0219i dotarea institu\u0163iilor educa\u0163ionale \u015fi medicale, \u00eentre\u0163inerea cl\u0103dirilor \u015fi a apeductelor, iluminarea localit\u0103\u021bilor.<\/p>\n<p>\u201eNe manifest\u0103m grija fa\u021b\u0103 de cei care tr\u0103iesc \u00een zona transnistrean\u0103. Ne batem capul, de fapt, nu pentru liderii de la Tiraspol, dar de oamenii care tr\u0103iesc \u00een aceast\u0103 regiune, pentru c\u0103 sunt cet\u0103\u021benii no\u0219tri\u201d, a men\u021bionat premierul Pavel Filip.<\/p>\n<p>Potrivit documentului, 23 de localit\u0103\u021bi vor beneficia de 5,7 milioane de lei pentru renovarea \u0219i extinderea sistemelor de iluminare stradal\u0103. Peste 6 milioane de lei vor fi direc\u021bionate pentru repara\u021bia mai multor \u0219coli, gr\u0103dini\u021be, case de cultur\u0103 \u0219i apeducte. Totodat\u0103, peste 2 milioane de lei vor fi folosite pentru amenajarea pie\u021belor comerciale \u0219i a spa\u021biilor de recreere \u00een satele din zona de securitate.<\/p>\n<p>\u00cen opinia Guvernului, aceste ac\u021biuni urmeaz\u0103 s\u0103 \u00eembun\u0103t\u0103\u021beasc\u0103 condi\u0163iile de trai ale locuitorilor din Zona de Securitate \u0219i s\u0103 consolideze \u00eencrederea \u00eentre popula\u021bia de pe cele dou\u0103 maluri ale Nistrului.<\/p>\n<p>\u00cen total, \u00een anul curent pentru dezvoltarea institu\u021biilor de \u00eenv\u0103\u021b\u0103m\u00e2nt \u0219i realizarea proiectelor de infrastructur\u0103 \u00een regiunea transnistrean\u0103 vor fi alocate 15 mil. lei.<\/p>\n<p>Sursa:\u00a0<a href=\"http:\/\/www.infotag.md\/rebelion-ro\/262538\/\">http:\/\/www.infotag.md\/<\/a><\/p>\n","protected":false},"excerpt":{"rendered":"<p>Opt \u0219coli din st\u00e2nga Nistrului cu predare \u00een grafie latin\u0103 vor primi c\u00e2te un ajutor material unic \u00een valoare de 100 de mii de lei. Potrivit agen\u0163iei INFOTAG, acest lucru este prev\u0103zut de Programul activit\u0103\u0163ilor de reintegrare a \u0163\u0103rii pentru anul 2018, aprobat miercuri de Cabinetul de mini\u0219tri. \u00cen urma unui concurs de proiecte, prezentate&#8230;<\/p>\n","protected":false},"author":2,"featured_media":0,"comment_status":"closed","ping_status":"open","sticky":false,"template":"","format":"standard","meta":[],"categories":[1],"tags":[],"_links":{"self":[{"href":"https:\/\/centers.ulbsibiu.ro\/ccsprise\/lact\/wp-json\/wp\/v2\/posts\/4706"}],"collection":[{"href":"https:\/\/centers.ulbsibiu.ro\/ccsprise\/lact\/wp-json\/wp\/v2\/posts"}],"about":[{"href":"https:\/\/centers.ulbsibiu.ro\/ccsprise\/lact\/wp-json\/wp\/v2\/types\/post"}],"author":[{"embeddable":true,"href":"https:\/\/centers.ulbsibiu.ro\/ccsprise\/lact\/wp-json\/wp\/v2\/users\/2"}],"replies":[{"embeddable":true,"href":"https:\/\/centers.ulbsibiu.ro\/ccsprise\/lact\/wp-json\/wp\/v2\/comments?post=4706"}],"version-history":[{"count":1,"href":"https:\/\/centers.ulbsibiu.ro\/ccsprise\/lact\/wp-json\/wp\/v2\/posts\/4706\/revisions"}],"predecessor-version":[{"id":4707,"href":"https:\/\/centers.ulbsibiu.ro\/ccsprise\/lact\/wp-json\/wp\/v2\/posts\/4706\/revisions\/4707"}],"wp:attachment":[{"href":"https:\/\/centers.ulbsibiu.ro\/ccsprise\/lact\/wp-json\/wp\/v2\/media?parent=4706"}],"wp:term":[{"taxonomy":"category","embeddable":true,"href":"https:\/\/centers.ulbsibiu.ro\/ccsprise\/lact\/wp-json\/wp\/v2\/categories?post=4706"},{"taxonomy":"post_tag","embeddable":true,"href":"https:\/\/centers.ulbsibiu.ro\/ccsprise\/lact\/wp-json\/wp\/v2\/tags?post=4706"}],"curies":[{"name":"wp","href":"https:\/\/api.w.org\/{rel}","templated":true}]}}