{"id":4704,"date":"2018-04-26T17:39:41","date_gmt":"2018-04-26T15:39:41","guid":{"rendered":"https:\/\/centers.ulbsibiu.ro\/ccsprise\/lact\/?p=4704"},"modified":"2018-04-26T17:39:41","modified_gmt":"2018-04-26T15:39:41","slug":"ziarulnational-md-osce-saluta-evolutiile-inregistrate-in-procesul-de-reglementare-a-diferendului-transnistrean-este-un-pas-important","status":"publish","type":"post","link":"https:\/\/centers.ulbsibiu.ro\/ccsprise\/lact\/ziarulnational-md-osce-saluta-evolutiile-inregistrate-in-procesul-de-reglementare-a-diferendului-transnistrean-este-un-pas-important\/","title":{"rendered":"Ziarulnational.md &#8211; OSCE salut\u0103 evolu\u021biile \u00eenregistrate \u00een procesul de reglementare a diferendului transnistrean: \u201eEste un pas important\u201d"},"content":{"rendered":"<p>Organiza\u021bia pentru Securitate \u0219i Cooperare \u00een Europa (OSCE) salut\u0103 semnarea deciziei protocolare cu privire la participarea \u00een traficul rutier interna\u021bional a autovehiculelor din regiunea transnistrean\u0103, documentul fiind un pas important \u00een procesul de reglementare a diferendului transnistrean.<\/p>\n<p>Declara\u021bia a fost f\u0103cut\u0103 de Secretarul General al OSCE Thomas Greminger, la New York, \u00een cadrul unei \u00eentrevederi cu ministrul Afacerilor Externe \u0219i Integr\u0103rii Europene, Tudor Ulianovschi, care particip\u0103 la reuniunea de nivel \u00eenalt a Adun\u0103rii Generale a ONU privind construc\u021bia p\u0103cii durabile.<\/p>\n<p><strong>Cite\u0219te \u0219i: <\/strong><a href=\"http:\/\/www.ziarulnational.md\/interviu-igor-munteanu-nu-putem-privi-numerele-neutre-cu-care-masinile-din-transnistria-vor-fi-acceptate-in-traficul-international-drept-un-castig-pentru-r-moldova\/\" target=\"_blank\" rel=\"noopener\">INTERVIU \/\/ Igor Munteanu: \u201eNu putem privi numerele neutre, cu care ma\u0219inile din Transnistria vor fi acceptate \u00een traficul interna\u021bional, drept un c\u00e2\u0219tig pentru R. Moldova\u201d<\/a><\/p>\n<p>Potrivit unui comunicat al MAEIE, secretarul general al OSCE a remarcat c\u0103 negocierile \u00een procesul de reglementare transnistrean\u0103 au \u00eenregistrat progrese notabile, inclusiv datorit\u0103 deschiderii \u0219i voin\u021bei politice ale ambelor p\u0103r\u0163i.<\/p>\n<p>\u201eOficialul a men\u021bionat c\u0103 OSCE va sus\u021bine eforturile participan\u021bilor la negocieri pentru solu\u021bionarea diferendului transnistrean, cu respectarea principiului suveranit\u0103\u021bii \u0219i integrit\u0103\u021bii teritoriale a Moldovei, cu acordarea unui statut special pentru Transnistria\u201d, mai arat\u0103 sursa citat\u0103.<\/p>\n<p>La r\u00e2ndul s\u0103u, Tudor Ulianovschi a men\u021bionat c\u0103 solu\u021bionarea problemei transnistrene este unul dintre obiectivele de baz\u0103 ale programului de guvernare, iar toate eforturile autorit\u0103\u021bilor sunt \u00eendreptate pentru crearea premiselor politice pentru procesul de reglementare pa\u0219nic\u0103 a conflictului de pe Nistru.<\/p>\n<p>Sursa:\u00a0<a href=\"http:\/\/www.ziarulnational.md\/osce-saluta-evolutiile-inregistrate-in-procesul-de-reglementare-a-diferendului-transnistrean-este-un-pas-important\/\">http:\/\/www.ziarulnational.md<\/a><\/p>\n","protected":false},"excerpt":{"rendered":"<p>Organiza\u021bia pentru Securitate \u0219i Cooperare \u00een Europa (OSCE) salut\u0103 semnarea deciziei protocolare cu privire la participarea \u00een traficul rutier interna\u021bional a autovehiculelor din regiunea transnistrean\u0103, documentul fiind un pas important \u00een procesul de reglementare a diferendului transnistrean. Declara\u021bia a fost f\u0103cut\u0103 de Secretarul General al OSCE Thomas Greminger, la New York, \u00een cadrul unei \u00eentrevederi&#8230;<\/p>\n","protected":false},"author":2,"featured_media":0,"comment_status":"closed","ping_status":"open","sticky":false,"template":"","format":"standard","meta":[],"categories":[1],"tags":[],"_links":{"self":[{"href":"https:\/\/centers.ulbsibiu.ro\/ccsprise\/lact\/wp-json\/wp\/v2\/posts\/4704"}],"collection":[{"href":"https:\/\/centers.ulbsibiu.ro\/ccsprise\/lact\/wp-json\/wp\/v2\/posts"}],"about":[{"href":"https:\/\/centers.ulbsibiu.ro\/ccsprise\/lact\/wp-json\/wp\/v2\/types\/post"}],"author":[{"embeddable":true,"href":"https:\/\/centers.ulbsibiu.ro\/ccsprise\/lact\/wp-json\/wp\/v2\/users\/2"}],"replies":[{"embeddable":true,"href":"https:\/\/centers.ulbsibiu.ro\/ccsprise\/lact\/wp-json\/wp\/v2\/comments?post=4704"}],"version-history":[{"count":1,"href":"https:\/\/centers.ulbsibiu.ro\/ccsprise\/lact\/wp-json\/wp\/v2\/posts\/4704\/revisions"}],"predecessor-version":[{"id":4705,"href":"https:\/\/centers.ulbsibiu.ro\/ccsprise\/lact\/wp-json\/wp\/v2\/posts\/4704\/revisions\/4705"}],"wp:attachment":[{"href":"https:\/\/centers.ulbsibiu.ro\/ccsprise\/lact\/wp-json\/wp\/v2\/media?parent=4704"}],"wp:term":[{"taxonomy":"category","embeddable":true,"href":"https:\/\/centers.ulbsibiu.ro\/ccsprise\/lact\/wp-json\/wp\/v2\/categories?post=4704"},{"taxonomy":"post_tag","embeddable":true,"href":"https:\/\/centers.ulbsibiu.ro\/ccsprise\/lact\/wp-json\/wp\/v2\/tags?post=4704"}],"curies":[{"name":"wp","href":"https:\/\/api.w.org\/{rel}","templated":true}]}}