{"id":4702,"date":"2018-04-26T17:36:43","date_gmt":"2018-04-26T15:36:43","guid":{"rendered":"https:\/\/centers.ulbsibiu.ro\/ccsprise\/lact\/?p=4702"},"modified":"2018-04-26T17:36:43","modified_gmt":"2018-04-26T15:36:43","slug":"publika-md-fermierii-din-raionul-dubasari-au-primit-primele-certificate-de-acces-la-terenurile-agricole-din-regiunea-transnistreana","status":"publish","type":"post","link":"https:\/\/centers.ulbsibiu.ro\/ccsprise\/lact\/publika-md-fermierii-din-raionul-dubasari-au-primit-primele-certificate-de-acces-la-terenurile-agricole-din-regiunea-transnistreana\/","title":{"rendered":"Publika.md &#8211; Fermierii din raionul Dub\u0103sari au primit primele certificate de acces la terenurile agricole din regiunea transnistrean\u0103"},"content":{"rendered":"<p><b>Fermierii din raionul Dub\u0103sari care anterior nu \u00ee\u0219i puteau lucra p\u0103m\u00e2nturile au primit ast\u0103zi primele certificate de acces la terenurile lor agricole din st\u00e2nga Nistrului. P\u0103m\u00e2nturile vor putea fi utilizate timp de 20 de ani, \u00eencep\u00e2nd din 1 august.<\/b><span style=\"display: inline !important; float: none; background-color: #ffffff; color: #000000; font-family: 'Oswald',Helvetica,Arial,sans-serif; font-size: 16px; font-size-adjust: none; font-stretch: normal; font-style: normal; font-variant: normal; font-weight: 400; letter-spacing: normal; line-height: 19.2px; orphans: 2; text-align: left; text-decoration: none; text-indent: 0px; text-transform: none; -webkit-text-stroke-width: 0px; white-space: normal; word-spacing: 0px;\"> \u00cen scurt timp, certificate similare vor fi eliberate \u015fi altor proprietari de p\u0103m\u00e2nt. <\/span><\/p>\n<p><span style=\"display: inline !important; float: none; background-color: #ffffff; color: #000000; font-family: 'Oswald',Helvetica,Arial,sans-serif; font-size: 16px; font-size-adjust: none; font-stretch: normal; font-style: normal; font-variant: normal; font-weight: 400; letter-spacing: normal; line-height: 19.2px; orphans: 2; text-align: left; text-decoration: none; text-indent: 0px; text-transform: none; -webkit-text-stroke-width: 0px; white-space: normal; word-spacing: 0px;\"> &#8220;Este un moment istoric. V\u0103 felicit\u0103m!&#8221;<\/span><\/p>\n<p><strong>Certificatele garanteaz\u0103 fermierilor dreptul de a utiliza 400 de hectare, din suprafa\u021ba total\u0103 de 6300 de hectare de teren.<\/strong><\/p>\n<p><span style=\"display: inline !important; float: none; background-color: #ffffff; color: #000000; font-family: 'Oswald',Helvetica,Arial,sans-serif; font-size: 16px; font-size-adjust: none; font-stretch: normal; font-style: normal; font-variant: normal; font-weight: 400; letter-spacing: normal; line-height: 19.2px; orphans: 2; text-align: left; text-decoration: none; text-indent: 0px; text-transform: none; -webkit-text-stroke-width: 0px; white-space: normal; word-spacing: 0px;\"> &#8220;Astazi colegii fermieri au reu\u015fit s\u0103 ob\u0163in\u0103 cele cateva certificate. Noi vorbeam ca saptamanal va avea loc acest proces, astfel incat ca toti sa beneficieze de aceleasi drepturi care le vor permite sa recolteze roada care le apartine in viitorul apropiat&#8221;, a spus Cristina Lesnic,\u00a0\u00a0vicepremier pentru Reintegrare.<\/span><\/p>\n<p><span style=\"display: inline !important; float: none; background-color: #ffffff; color: #000000; font-family: 'Oswald',Helvetica,Arial,sans-serif; font-size: 16px; font-size-adjust: none; font-stretch: normal; font-style: normal; font-variant: normal; font-weight: 400; letter-spacing: normal; line-height: 19.2px; orphans: 2; text-align: left; text-decoration: none; text-indent: 0px; text-transform: none; -webkit-text-stroke-width: 0px; white-space: normal; word-spacing: 0px;\">&#8220;Consider c\u0103 este un mare pas \u00eenainte, negocierile au fost destul de dificile \u015fi sper c\u0103 aceasta va ajuta \u00een rezolvarea problemelor ce \u0163in de interesele oamenilor, ai agen\u0163ilor economici \u015fi ai fermierilor&#8221;, a spus Vitalie Ignatiev,\u00a0reprezentantul politic al Tiraspolului.<\/span><\/p>\n<p><strong>Peste 5500 de persoane din localit\u0103\u021bile Cocieri, Co\u0219ni\u021ba, Doro\u021bcaia, Molovata Nou\u0103 \u0219i P\u00e2r\u00e2ta nu au mai avut acces la terenurile agricole, situate dup\u0103 traseul R\u00eebni\u021ba-Tiraspol, din anul 2014. <\/strong><\/p>\n<p>Cite\u0219te mai mult: <a href=\"https:\/\/www.publika.md\/fermierii-din-raionul-dubasari-au-primit-primele-certificate-de-acces-la-terenurile-agricole-din-regiunea-transnistreana_3003951.html#ixzz5DnF8Jr00\">https:\/\/www.publika.md\/<\/a><\/p>\n","protected":false},"excerpt":{"rendered":"<p>Fermierii din raionul Dub\u0103sari care anterior nu \u00ee\u0219i puteau lucra p\u0103m\u00e2nturile au primit ast\u0103zi primele certificate de acces la terenurile lor agricole din st\u00e2nga Nistrului. P\u0103m\u00e2nturile vor putea fi utilizate timp de 20 de ani, \u00eencep\u00e2nd din 1 august. \u00cen scurt timp, certificate similare vor fi eliberate \u015fi altor proprietari de p\u0103m\u00e2nt. &#8220;Este un moment&#8230;<\/p>\n","protected":false},"author":2,"featured_media":0,"comment_status":"closed","ping_status":"open","sticky":false,"template":"","format":"standard","meta":[],"categories":[1],"tags":[],"_links":{"self":[{"href":"https:\/\/centers.ulbsibiu.ro\/ccsprise\/lact\/wp-json\/wp\/v2\/posts\/4702"}],"collection":[{"href":"https:\/\/centers.ulbsibiu.ro\/ccsprise\/lact\/wp-json\/wp\/v2\/posts"}],"about":[{"href":"https:\/\/centers.ulbsibiu.ro\/ccsprise\/lact\/wp-json\/wp\/v2\/types\/post"}],"author":[{"embeddable":true,"href":"https:\/\/centers.ulbsibiu.ro\/ccsprise\/lact\/wp-json\/wp\/v2\/users\/2"}],"replies":[{"embeddable":true,"href":"https:\/\/centers.ulbsibiu.ro\/ccsprise\/lact\/wp-json\/wp\/v2\/comments?post=4702"}],"version-history":[{"count":1,"href":"https:\/\/centers.ulbsibiu.ro\/ccsprise\/lact\/wp-json\/wp\/v2\/posts\/4702\/revisions"}],"predecessor-version":[{"id":4703,"href":"https:\/\/centers.ulbsibiu.ro\/ccsprise\/lact\/wp-json\/wp\/v2\/posts\/4702\/revisions\/4703"}],"wp:attachment":[{"href":"https:\/\/centers.ulbsibiu.ro\/ccsprise\/lact\/wp-json\/wp\/v2\/media?parent=4702"}],"wp:term":[{"taxonomy":"category","embeddable":true,"href":"https:\/\/centers.ulbsibiu.ro\/ccsprise\/lact\/wp-json\/wp\/v2\/categories?post=4702"},{"taxonomy":"post_tag","embeddable":true,"href":"https:\/\/centers.ulbsibiu.ro\/ccsprise\/lact\/wp-json\/wp\/v2\/tags?post=4702"}],"curies":[{"name":"wp","href":"https:\/\/api.w.org\/{rel}","templated":true}]}}