{"id":4700,"date":"2018-04-25T19:04:06","date_gmt":"2018-04-25T17:04:06","guid":{"rendered":"https:\/\/centers.ulbsibiu.ro\/ccsprise\/lact\/?p=4700"},"modified":"2018-04-25T19:04:06","modified_gmt":"2018-04-25T17:04:06","slug":"deschide-md-sua-saluta-semnarea-protocolului-privind-numerele-neutre-pentru-transnistreni","status":"publish","type":"post","link":"https:\/\/centers.ulbsibiu.ro\/ccsprise\/lact\/deschide-md-sua-saluta-semnarea-protocolului-privind-numerele-neutre-pentru-transnistreni\/","title":{"rendered":"Deschide.md &#8211; SUA salut\u0103 semnarea protocolului privind numerele neutre pentru transnistreni"},"content":{"rendered":"<p>Author: Vasile Cojocar<\/p>\n<p><span lang=\"IT\">SUA salut\u0103 protocolul semnat ieri de c\u0103tre Chi\u0219in\u0103u \u0219i Tiraspol cu privire la accederea mijloacelor de transport transnistrene \u00een traficul rutier interna\u021bional, potrivit unui comunicat al Departamentului de Stat al SUA.<\/span><\/p>\n<p><span lang=\"IT\">\u201eStatele Unite sprijin\u0103 o solu\u021bie atotcuprinz\u0103toare a conflictului transnistrean. Salut\u0103m acordul, semnat recent, privind accesul legal pentru autovehiculele din regiunea transnistrean\u0103 \u00een traficul interna\u021bional\u201d, scrie \u00een comunicatul respectiv<\/span><\/p>\n<p><span lang=\"IT\">SUA consider\u0103 c\u0103 \u201eacest lucru va aduce beneficii reale pentru oamenii de pe ambele maluri ale Nistrului.\u201d.<\/span><\/p>\n<p><span lang=\"IT\">\u201e\u00cendemn\u0103m toate p\u0103r\u021bile s\u0103 valorifice acest acord \u0219i s\u0103 implementeze cele trei obiective r\u0103mase din &#8220;pachetul de opt puncte&#8221; (Package of Eight), pe care p\u0103r\u021bile \u0219i le-au reasumat prin Protocolul de la Viena din 2017\u201d, se mai men\u021bioneaz\u0103 \u00een comunicat.<\/span><\/p>\n<p><span lang=\"IT\">De asemenea SUA sus\u021bine c\u0103 \u201eaceasta este singura cale de solu\u021bionare a unuia dintre cele mai \u00eendelungate conflicte din Europa\u201d.<\/span><\/p>\n<p><span lang=\"IT\">\u201eOrice astfel de solu\u021bie trebuie s\u0103 fie bazat\u0103 pe suveranitatea \u0219i integritatea teritorial\u0103 a Moldovei, cu un statut special pentru Transnistria \u00een cadrul hotarelor Moldovei, recunoscute la nivel interna\u021bional\u201d, se mai spune \u00een comunicat.<\/span><\/p>\n<p>Textul complet la\u00a0<a href=\"https:\/\/deschide.md\/ro\/stiri\/politic\/29932\/SUA-salut\u0103-semnarea-protocolului-privind-numerele-neutre-pentru-transnistreni.htm\">https:\/\/deschide.md\/<\/a><\/p>\n","protected":false},"excerpt":{"rendered":"<p>Author: Vasile Cojocar SUA salut\u0103 protocolul semnat ieri de c\u0103tre Chi\u0219in\u0103u \u0219i Tiraspol cu privire la accederea mijloacelor de transport transnistrene \u00een traficul rutier interna\u021bional, potrivit unui comunicat al Departamentului de Stat al SUA. \u201eStatele Unite sprijin\u0103 o solu\u021bie atotcuprinz\u0103toare a conflictului transnistrean. Salut\u0103m acordul, semnat recent, privind accesul legal pentru autovehiculele din regiunea transnistrean\u0103&#8230;<\/p>\n","protected":false},"author":2,"featured_media":0,"comment_status":"closed","ping_status":"open","sticky":false,"template":"","format":"standard","meta":[],"categories":[1],"tags":[],"_links":{"self":[{"href":"https:\/\/centers.ulbsibiu.ro\/ccsprise\/lact\/wp-json\/wp\/v2\/posts\/4700"}],"collection":[{"href":"https:\/\/centers.ulbsibiu.ro\/ccsprise\/lact\/wp-json\/wp\/v2\/posts"}],"about":[{"href":"https:\/\/centers.ulbsibiu.ro\/ccsprise\/lact\/wp-json\/wp\/v2\/types\/post"}],"author":[{"embeddable":true,"href":"https:\/\/centers.ulbsibiu.ro\/ccsprise\/lact\/wp-json\/wp\/v2\/users\/2"}],"replies":[{"embeddable":true,"href":"https:\/\/centers.ulbsibiu.ro\/ccsprise\/lact\/wp-json\/wp\/v2\/comments?post=4700"}],"version-history":[{"count":1,"href":"https:\/\/centers.ulbsibiu.ro\/ccsprise\/lact\/wp-json\/wp\/v2\/posts\/4700\/revisions"}],"predecessor-version":[{"id":4701,"href":"https:\/\/centers.ulbsibiu.ro\/ccsprise\/lact\/wp-json\/wp\/v2\/posts\/4700\/revisions\/4701"}],"wp:attachment":[{"href":"https:\/\/centers.ulbsibiu.ro\/ccsprise\/lact\/wp-json\/wp\/v2\/media?parent=4700"}],"wp:term":[{"taxonomy":"category","embeddable":true,"href":"https:\/\/centers.ulbsibiu.ro\/ccsprise\/lact\/wp-json\/wp\/v2\/categories?post=4700"},{"taxonomy":"post_tag","embeddable":true,"href":"https:\/\/centers.ulbsibiu.ro\/ccsprise\/lact\/wp-json\/wp\/v2\/tags?post=4700"}],"curies":[{"name":"wp","href":"https:\/\/api.w.org\/{rel}","templated":true}]}}