{"id":4698,"date":"2018-04-25T19:00:13","date_gmt":"2018-04-25T17:00:13","guid":{"rendered":"https:\/\/centers.ulbsibiu.ro\/ccsprise\/lact\/?p=4698"},"modified":"2018-04-25T19:00:13","modified_gmt":"2018-04-25T17:00:13","slug":"ziarulnational-md-igor-dodon-intalnire-la-tighina-cu-separatistul-krasnoselski-niciun-cuvant-despre-trupele-militare-ruse-din-stanga-nistrului-am-exprimat-recunostinta-federatiei-ruse","status":"publish","type":"post","link":"https:\/\/centers.ulbsibiu.ro\/ccsprise\/lact\/ziarulnational-md-igor-dodon-intalnire-la-tighina-cu-separatistul-krasnoselski-niciun-cuvant-despre-trupele-militare-ruse-din-stanga-nistrului-am-exprimat-recunostinta-federatiei-ruse\/","title":{"rendered":"Ziarulnational.md &#8211; Igor Dodon, \u00eent\u00e2lnire la Tighina cu separatistul Krasnoselski: Niciun cuv\u00e2nt despre trupele militare ruse din st\u00e2nga Nistrului. \u201eAm exprimat recuno\u0219tin\u021b\u0103 Federa\u021biei Ruse\u201d"},"content":{"rendered":"<p><span style=\"display: inline !important; float: none; background-color: transparent; color: #383536; font-family: 'Open Sans',sans-serif; font-size: 16px; font-style: normal; font-variant: normal; font-weight: 400; letter-spacing: normal; orphans: 2; text-align: left; text-decoration: none; text-indent: 0px; text-transform: none; -webkit-text-stroke-width: 0px; white-space: normal; word-spacing: 0px;\">Pre\u0219edintele Igor Dodon \u0219i-a exprimat ast\u0103zi \u201erecuno\u0219tin\u021b\u0103\u201d Federa\u021biei Ruse, \u00eempreun\u0103 cu liderul separatist de la Tiraspol, Vadim Krasnoselski, cu care s-a \u00eent\u00e2lnit la Tighina, \u201epentru activitatea contingentului pacificator rus, pentru func\u021bionarea eficient\u0103 \u015fi continu\u0103 a misiunii de pacificare, pentru eforturile depuse \u00een scopul p\u0103str\u0103rii p\u0103cii la Nistru\u201d.<\/span><\/p>\n<p><span style=\"display: inline !important; float: none; background-color: transparent; color: #383536; font-family: 'Open Sans',sans-serif; font-size: 16px; font-style: normal; font-variant: normal; font-weight: 400; letter-spacing: normal; orphans: 2; text-align: left; text-decoration: none; text-indent: 0px; text-transform: none; -webkit-text-stroke-width: 0px; white-space: normal; word-spacing: 0px;\"> \u201eAm discutat situa\u021bia privind opera\u021biunea de pacificare mixt\u0103 de la Nistru \u00een calitate de garan\u021bie a p\u0103cii \u015fi a securit\u0103\u021bii cet\u0103\u021benilor, fiind un element constitutiv important al dialogului politic. Am fost unanimi vizavi de necesitatea depunerii unor eforturi conjugate sus\u021binute pentru o func\u021bionare stabil\u0103 a misiunii de pacificare \u015fi a organului s\u0103u de conducere, reprezentat prin Comisia Unificat\u0103 de Control (CUC), \u00een conformitate cu Acordul din 21 iulie 1992. Am exprimat sprijinul comun pentru to\u021bi participan\u021bii la Opera\u021biunea de pacificare mixt\u0103 din Zona de Securitate, dar \u015fi recuno\u0219tin\u021b\u0103 Federa\u021biei Ruse pentru activitatea contingentului pacificator rus, pentru func\u021bionarea eficient\u0103 \u015fi continu\u0103 a misiunii de pacificare, pentru eforturile depuse \u00een scopul p\u0103str\u0103rii p\u0103cii la Nistru. \u00cen acest context, a fost subliniat\u0103 stringen\u021ba implement\u0103rii unor m\u0103suri orientate spre normalizarea func\u021bion\u0103rii delega\u021biei integrale a Federa\u021biei Ruse \u00een cadrul CUC\u201d, a declarat Dodon dup\u0103 \u00eent\u00e2lnirea cu liderul autoproclamat de la Tiraspol.<\/span><\/p>\n<p><span style=\"display: inline !important; float: none; background-color: transparent; color: #383536; font-family: 'Open Sans',sans-serif; font-size: 16px; font-style: normal; font-variant: normal; font-weight: 400; letter-spacing: normal; orphans: 2; text-align: left; text-decoration: none; text-indent: 0px; text-transform: none; -webkit-text-stroke-width: 0px; white-space: normal; word-spacing: 0px;\"> Mai mult, Dodon a f\u0103cut din deget Occidentului: \u201eNe-am expus \u00eempotriva apelurilor venite din partea unor actori interna\u021bionali cu referire la o eventual\u0103 reformatare la etapa actual\u0103 a opera\u021biunii de pacificare la Nistru, f\u0103r\u0103 a \u021bine cont de necesitatea realiz\u0103rii unei reglement\u0103ri politice ample a diferendului transnistrean, doar prin modalit\u0103\u021bi pa\u0219nice\u201d.<\/span><\/p>\n<p><span style=\"display: inline !important; float: none; background-color: transparent; color: #383536; font-family: 'Open Sans',sans-serif; font-size: 16px; font-style: normal; font-variant: normal; font-weight: 400; letter-spacing: normal; orphans: 2; text-align: left; text-decoration: none; text-indent: 0px; text-transform: none; -webkit-text-stroke-width: 0px; white-space: normal; word-spacing: 0px;\"> Pre\u0219edintele Dodon a mai anun\u021bat c\u0103 a reiterat, \u00eempreun\u0103 cu Krasnoselski, \u201epozi\u021bia comun\u0103 potrivit c\u0103reia punctele de control vamal moldo-ucrainene, constituite pe por\u021biunea transnistrean\u0103 a frontierei, nu trebuie s\u0103 afecteze negativ locuitorii \u0219i agen\u021bii economici din regiunea transnistrean\u0103\u201d. <\/span><\/p>\n<p><span style=\"display: inline !important; float: none; background-color: transparent; color: #383536; font-family: 'Open Sans',sans-serif; font-size: 16px; font-style: normal; font-variant: normal; font-weight: 400; letter-spacing: normal; orphans: 2; text-align: left; text-decoration: none; text-indent: 0px; text-transform: none; -webkit-text-stroke-width: 0px; white-space: normal; word-spacing: 0px;\"> Men\u021bion\u0103m c\u0103 spicherul Andrian Candu a lansat anterior un apel public vizavi de \u201emanipul\u0103rile\u201d legate de cererea R. Moldova la Adunarea General\u0103 a ONU, specific\u00e2nd c\u0103 autorit\u0103\u021bile de la Chi\u0219in\u0103u solicit\u0103 retragerea trupelor militare ruse din Transnistria, care organizeaz\u0103 periodic exerci\u021bii militare \u00een st\u00e2nga Nistrului \u0219i pe care Igor Dodon le prezint\u0103 ca \u201epacificatori\u201d, nu a reprezentan\u021bilor misiunii de pacificare din estul republicii. <\/span><\/p>\n<p>Sursa:\u00a0<a href=\"http:\/\/www.ziarulnational.md\/igor-dodon-intalnire-la-tighina-cu-separatistul-krasnoselski-niciun-cuvant-despre-trupele-militare-ruse-din-stanga-nistrului\/\">http:\/\/www.ziarulnational.md\/<\/a><\/p>\n","protected":false},"excerpt":{"rendered":"<p>Pre\u0219edintele Igor Dodon \u0219i-a exprimat ast\u0103zi \u201erecuno\u0219tin\u021b\u0103\u201d Federa\u021biei Ruse, \u00eempreun\u0103 cu liderul separatist de la Tiraspol, Vadim Krasnoselski, cu care s-a \u00eent\u00e2lnit la Tighina, \u201epentru activitatea contingentului pacificator rus, pentru func\u021bionarea eficient\u0103 \u015fi continu\u0103 a misiunii de pacificare, pentru eforturile depuse \u00een scopul p\u0103str\u0103rii p\u0103cii la Nistru\u201d. \u201eAm discutat situa\u021bia privind opera\u021biunea de pacificare mixt\u0103&#8230;<\/p>\n","protected":false},"author":2,"featured_media":0,"comment_status":"closed","ping_status":"open","sticky":false,"template":"","format":"standard","meta":[],"categories":[1],"tags":[],"_links":{"self":[{"href":"https:\/\/centers.ulbsibiu.ro\/ccsprise\/lact\/wp-json\/wp\/v2\/posts\/4698"}],"collection":[{"href":"https:\/\/centers.ulbsibiu.ro\/ccsprise\/lact\/wp-json\/wp\/v2\/posts"}],"about":[{"href":"https:\/\/centers.ulbsibiu.ro\/ccsprise\/lact\/wp-json\/wp\/v2\/types\/post"}],"author":[{"embeddable":true,"href":"https:\/\/centers.ulbsibiu.ro\/ccsprise\/lact\/wp-json\/wp\/v2\/users\/2"}],"replies":[{"embeddable":true,"href":"https:\/\/centers.ulbsibiu.ro\/ccsprise\/lact\/wp-json\/wp\/v2\/comments?post=4698"}],"version-history":[{"count":1,"href":"https:\/\/centers.ulbsibiu.ro\/ccsprise\/lact\/wp-json\/wp\/v2\/posts\/4698\/revisions"}],"predecessor-version":[{"id":4699,"href":"https:\/\/centers.ulbsibiu.ro\/ccsprise\/lact\/wp-json\/wp\/v2\/posts\/4698\/revisions\/4699"}],"wp:attachment":[{"href":"https:\/\/centers.ulbsibiu.ro\/ccsprise\/lact\/wp-json\/wp\/v2\/media?parent=4698"}],"wp:term":[{"taxonomy":"category","embeddable":true,"href":"https:\/\/centers.ulbsibiu.ro\/ccsprise\/lact\/wp-json\/wp\/v2\/categories?post=4698"},{"taxonomy":"post_tag","embeddable":true,"href":"https:\/\/centers.ulbsibiu.ro\/ccsprise\/lact\/wp-json\/wp\/v2\/tags?post=4698"}],"curies":[{"name":"wp","href":"https:\/\/api.w.org\/{rel}","templated":true}]}}