{"id":4695,"date":"2018-04-25T18:58:16","date_gmt":"2018-04-25T16:58:16","guid":{"rendered":"https:\/\/centers.ulbsibiu.ro\/ccsprise\/lact\/?p=4695"},"modified":"2018-04-25T18:58:16","modified_gmt":"2018-04-25T16:58:16","slug":"infotag-md-transnistria-insista-pe-desfasurarea-cat-mai-curand-a-reuniunii-in-formatul-52","status":"publish","type":"post","link":"https:\/\/centers.ulbsibiu.ro\/ccsprise\/lact\/infotag-md-transnistria-insista-pe-desfasurarea-cat-mai-curand-a-reuniunii-in-formatul-52\/","title":{"rendered":"Infotag.md &#8211; TRANSNISTRIA INSIST\u0102 PE DESF\u0102\u015eURAREA C\u00c2T MAI CUR\u00c2ND A REUNIUNII \u00ceN FORMATUL \u201e5+2\u201d"},"content":{"rendered":"<p>Transnistria insist\u0103 pe desf\u0103\u015furarea c\u00e2t mai cur\u00e2nd a reuniunii \u00een formatul \u201e5+2\u201d pentru a discuta detaliat problemele actuale din punctul de vedere al agendei curente a procesului de negocieri.<\/p>\n<p>Potrivit agen\u0163iei INFOTAG cu referire la presa regional\u0103, o declara\u0163ie \u00een acest sens a f\u0103cut ministrul afacerilor externe al autoproclamatei RMN, Vitalii Ignatiev, \u00een ajun, \u00een cadrul unui briefing, dup\u0103 semnarea deciziei protocolare \u201ecu privire la participarea \u00een traficul rutier interna\u021bional a autovehiculelor din regiunea transnistrean\u0103 care nu desf\u0103\u0219oar\u0103 activit\u0103\u021bi comerciale\u201d.<\/p>\n<p>El a men\u021bionat printre principalele avantaje ale acestui document faptul c\u0103 to\u021bi locuitorii din Transnistria, inclusiv cei cu dubl\u0103 cet\u0103\u021benie, vor putea ob\u021bine numere neutre. Principalul negociator al Tiraspolului a remarcat, de asemenea, caracterul voluntar de ob\u0163inere a pl\u0103cu\u021belor de \u00eenmatriculare neutre, precum \u0219i faptul c\u0103, pentru a le ob\u021bine, numerele transnistrene trebuie predate.<\/p>\n<p>\u201eVom face tot posibilul pentru ca \u015fi alte probleme s\u0103 fie rezolvate \u00een aceea\u0219i cheie, \u00een interesul oamenilor\u201d, a spus Ignatiev.<\/p>\n<p>Conform deciziei protocolare publicate de MAE al regiunii, mijloacele de transport din Transnistria vor putea participa \u00een traficul interna\u021bional nu numai dac\u0103 vor avea numere neutre, dar \u015fi dac\u0103 vor avea certificatul de \u00eenmatriculare a vehiculelor \u00een oficiile comune de \u00eenregistrare de la Tiraspol \u0219i R\u00eebni\u021ba, precum \u0219i stickerul MD, plasat pe partea din spate a ma\u0219inii.<\/p>\n<p>Potrivit documentului, de mecanismul de \u00eenmatriculare a autoturismelor vor putea beneficia \u0219i \u201epersoanele juridice cu adresa juridic\u0103 \u00een Transnistria, inclusiv cei care efectueaz\u0103 activit\u0103\u021bi economice externe, cu excep\u021bia activit\u0103\u021bilor comerciale de transport de pasageri\u201d.<\/p>\n<p>Dup\u0103 cum a raportat anterior INFOTAG, reprezentantul special al Pre\u0219edin\u021biei \u00een exerci\u0163iu a OSCE, Franco Frattini, a declarat \u00een cadrul unei vizite recente la Chi\u0219in\u0103u \u0219i Tiraspol c\u0103, \u00een cazul semn\u0103rii protocolului, urm\u0103toarea \u0219edin\u021b\u0103 \u00een formatul \u201e5+2\u201d ar putea avea loc \u00een luna mai.<\/p>\n<p>Sursa:\u00a0<a href=\"http:\/\/www.infotag.md\/rebelion-ro\/262514\/\">http:\/\/www.infotag.md<\/a><\/p>\n","protected":false},"excerpt":{"rendered":"<p>Transnistria insist\u0103 pe desf\u0103\u015furarea c\u00e2t mai cur\u00e2nd a reuniunii \u00een formatul \u201e5+2\u201d pentru a discuta detaliat problemele actuale din punctul de vedere al agendei curente a procesului de negocieri. Potrivit agen\u0163iei INFOTAG cu referire la presa regional\u0103, o declara\u0163ie \u00een acest sens a f\u0103cut ministrul afacerilor externe al autoproclamatei RMN, Vitalii Ignatiev, \u00een ajun, \u00een&#8230;<\/p>\n","protected":false},"author":2,"featured_media":0,"comment_status":"closed","ping_status":"open","sticky":false,"template":"","format":"standard","meta":[],"categories":[1],"tags":[],"_links":{"self":[{"href":"https:\/\/centers.ulbsibiu.ro\/ccsprise\/lact\/wp-json\/wp\/v2\/posts\/4695"}],"collection":[{"href":"https:\/\/centers.ulbsibiu.ro\/ccsprise\/lact\/wp-json\/wp\/v2\/posts"}],"about":[{"href":"https:\/\/centers.ulbsibiu.ro\/ccsprise\/lact\/wp-json\/wp\/v2\/types\/post"}],"author":[{"embeddable":true,"href":"https:\/\/centers.ulbsibiu.ro\/ccsprise\/lact\/wp-json\/wp\/v2\/users\/2"}],"replies":[{"embeddable":true,"href":"https:\/\/centers.ulbsibiu.ro\/ccsprise\/lact\/wp-json\/wp\/v2\/comments?post=4695"}],"version-history":[{"count":1,"href":"https:\/\/centers.ulbsibiu.ro\/ccsprise\/lact\/wp-json\/wp\/v2\/posts\/4695\/revisions"}],"predecessor-version":[{"id":4696,"href":"https:\/\/centers.ulbsibiu.ro\/ccsprise\/lact\/wp-json\/wp\/v2\/posts\/4695\/revisions\/4696"}],"wp:attachment":[{"href":"https:\/\/centers.ulbsibiu.ro\/ccsprise\/lact\/wp-json\/wp\/v2\/media?parent=4695"}],"wp:term":[{"taxonomy":"category","embeddable":true,"href":"https:\/\/centers.ulbsibiu.ro\/ccsprise\/lact\/wp-json\/wp\/v2\/categories?post=4695"},{"taxonomy":"post_tag","embeddable":true,"href":"https:\/\/centers.ulbsibiu.ro\/ccsprise\/lact\/wp-json\/wp\/v2\/tags?post=4695"}],"curies":[{"name":"wp","href":"https:\/\/api.w.org\/{rel}","templated":true}]}}