{"id":4692,"date":"2018-04-25T18:53:55","date_gmt":"2018-04-25T16:53:55","guid":{"rendered":"https:\/\/centers.ulbsibiu.ro\/ccsprise\/lact\/?p=4692"},"modified":"2020-06-12T15:33:27","modified_gmt":"2020-06-12T13:33:27","slug":"national-md-interviu-igor-munteanu-nu-putem-privi-numerele-neutre-cu-care-masinile-din-transnistria-vor-fi-acceptate-in-traficul-international-drept-un-castig-pentru-r-moldova","status":"publish","type":"post","link":"https:\/\/centers.ulbsibiu.ro\/ccsprise\/lact\/national-md-interviu-igor-munteanu-nu-putem-privi-numerele-neutre-cu-care-masinile-din-transnistria-vor-fi-acceptate-in-traficul-international-drept-un-castig-pentru-r-moldova\/","title":{"rendered":"Ziarulnational.md &#8211; INTERVIU \/\/ Igor Munteanu: \u201eNu putem privi numerele neutre, cu care ma\u0219inile din Transnistria vor fi acceptate \u00een traficul interna\u021bional, drept un c\u00e2\u0219tig pentru R. Moldova\u201d"},"content":{"rendered":"<p><span style=\"display: inline !important; float: none; background-color: transparent; color: #9a9a9a; font-family: 'Open Sans',sans-serif; font-size: 13px; font-style: normal; font-variant: normal; font-weight: 400; letter-spacing: normal; orphans: 2; text-align: right; text-decoration: none; text-indent: 0px; text-transform: none; -webkit-text-stroke-width: 0px; white-space: normal; word-spacing: 0px;\">Autor: <\/span>Raisa Lozinschi<\/p>\n<p>\u00cen\u021belegerea semnat\u0103 ieri, 24 aprilie, de c\u0103tre reprezentan\u021bii Chi\u0219in\u0103ului \u0219i Tiraspolului privind <a href=\"http:\/\/www.ziarulnational.md\/autoturismele-din-transnistria-vor-primi-placute-neutre-si-vor-fi-admise-in-traficul-international-masinile-nu-vor-putea-avea-simultan-doua-placute\/\" target=\"_blank\" rel=\"noopener noreferrer\">admiterea \u00een traficul interna\u021bional, \u00eencep\u00e2nd cu luna septembrie 2018, a ma\u0219inilor transnistrene care vor avea numere de \u00eenmatriculare neutre<\/a>, nu are cum s\u0103 fie considerat\u0103 un c\u00e2\u0219tig pentru R. Moldova, ci mai degrab\u0103 are toate ingredientele unei pierderi.<\/p>\n<p>De aceast\u0103 p\u0103rere este directorul executiv al IDIS \u201eViitorul\u201d, Igor Munteanu, care sus\u021bine, \u00eentr-un interviu acordat Ziarului NA\u021aIONAL, c\u0103 aceast\u0103 nou\u0103 situa\u021bie comport\u0103 riscuri legate de contraband\u0103 cu ma\u0219ini, proceduri de \u00eenregistrare a automobili\u0219tilor din partea dreapt\u0103 la Tiraspol \u0219i alte afaceri, care nu pot genera stabilitate \u0219i \u00eencredere \u00een sistemul legal al R. Moldova.<\/p>\n<p><strong>Dle Munteanu, autorit\u0103\u021bile anun\u021b\u0103 drept \u201esucces\u201d \u00een\u021belegerea la care s-a ajuns vizavi de circula\u021bia interna\u021bional\u0103 a ma\u0219inilor cu numere de \u00eenmatriculare transnistrene. Cum crede\u021bi, pl\u0103cutele auto neutre, \u00eentregistrate \u00een st\u00e2nga Nistrului, ajut\u0103 R. Moldova s\u0103-\u0219i apropie teritoriul separat sau, din contra, e un pas spre \u201efederalizare\u201d, a\u0219a cum exist\u0103 ni\u0219te aten\u021bion\u0103ri \u00een spa\u021biul public?<\/strong><\/p>\n<p>Este \u00eenc\u0103 pu\u021bin\u0103 informa\u021bie care ne-ar permite s\u0103 \u00een\u021belegem propor\u021biile pierderilor la care v\u0103 referi\u021bi, iar lipsa transparen\u021bei \u00een procesul lu\u0103rii acestei decizii este direct propor\u021bional\u0103 cu modul \u00een care are loc degradarea calit\u0103\u021bii statului \u00een R. Moldova.<\/p>\n<p>Mai to\u021bi cet\u0103\u021benii au, evident, un vinovat pentru acest recul democratic \u0219i cu un efort minimal putem vedea \u0219i ni\u0219te urechi u\u0219or de recunoscut de dup\u0103 paravanul relat\u0103rilor stufoase despre succesul protocoalelor.<\/p>\n<p>Acest protocol semnat la 24 aprilie nu are cum s\u0103 fie considerat drept un c\u00e2\u0219tig pentru R. Moldova, ci mai degrab\u0103 are toate ingredientele unei pierderi. Cei care se bucur\u0103 infantil de faptul c\u0103 s-a mai semnat un protocol vor trebui odat\u0103 \u0219i odat\u0103 s\u0103 dea seam\u0103 pentru ce fac \u00een acest moment. Dar asta mai t\u00e2rziu. Acum voi spune doar c\u0103 regret foarte mult faptul c\u0103, \u00een R. Moldova, deciziile se iau nu pe baza unor evalu\u0103ri \u0219i analize de risc \u0219i beneficii, ci dup\u0103 felul cum, cine \u0219i cui a promis ceva \u00eentr-un mediu politic intoxicat de institu\u021bii controlate de grupuri private de influen\u021b\u0103.<\/p>\n<p><strong>De ce acceptarea \u00een traficul interna\u021bional a ma\u0219inilor \u00eenmatriculate \u00een Transnistria nu este \u201eun c\u00e2\u0219tig\u201d pentru R. Moldova?<\/strong><\/p>\n<p>Nu cred c\u0103 putem privi aceste numere neutre drept un c\u00e2\u0219tig pentru R. Moldova, dac\u0103 lu\u0103m ca punct de reper ordinea juridic\u0103 \u0219i constitu\u021bional\u0103 a statului R. Moldova. Dac\u0103 ne orient\u0103m dup\u0103 interese de partid \u0219i ne ascundem dup\u0103 retoric\u0103 bombastic\u0103, atunci da, unii transportatori transnistreni vor putea c\u0103l\u0103tori \u00een str\u0103in\u0103tate pe baza unor numere \u201eneutre\u201d, \u00een sensul c\u0103 nu vor avea pe ele \u00eenscrise literele \u201eRM\u201d, dar ce rezolv\u0103 acest tip de solu\u021bie \u2013 nu-i deloc clar. Se confund\u0103 scopul cu mijloacele.<\/p>\n<p>Dac\u0103 \u0219i c\u0103l\u0103toriile \u00een str\u0103in\u0103tate sunt un mijloc de a ob\u021bine o reintegrare a regiunii secesioniste \u00een R. Moldova, atunci nu v\u0103d ce schimb\u0103 pozitiv emiterea de numere de \u00eenmatriculare neutre. R. Moldova nu ob\u021bine, aparent, controlul asupra tuturor tipurilor de automobile, care vor circula pe teritoriul s\u0103u, ci va \u00eenregistra doar automobilele cu numere neutre, l\u0103s\u00e2nd \u00een afara supravegherii sale restul de automobile transnistrene, care vor circula a\u0219a cum circul\u0103 \u0219i acum.<\/p>\n<p>Nu este nicio obliga\u021bie de trecere a conduc\u0103torilor auto la permise eliberate de autorit\u0103\u021bile na\u021bionale ale R. Moldova, deci putem admite c\u0103 transnistrenii vor putea circula cu ma\u0219ini cu numere neutre, av\u00e2nd permise transnistrene. Nu este clar de ce unii cet\u0103\u021beni ai R. Moldova, care circul\u0103 cu automobile \u00eenregistrate \u00een R. Moldova vor fi discrimina\u021bi \u00een continuare de c\u0103tre autorit\u0103\u021bile transnistrene la trecerea punctelor de control, \u00een timp ce purt\u0103torii de numere transnistrene \u00ee\u0219i vor continua circula\u021bia \u00een mod uzual?<\/p>\n<p>Nu-i clar cine va elibera Cartea Verde pentru de\u021bin\u0103torii de numere neutre \u0219i \u00een ce m\u0103sur\u0103 doar companiile \u00eenregistrate \u00een R. Moldova se vor ocupa de garantarea circula\u021biei libere \u00een UE. Nu este clar \u00een ce fel vor putea solicita numere neutre apatrizii sau cet\u0103\u021benii str\u0103ini reziden\u021bi ai regiunii de est \u0219i cine le va asigura\u00eenregistrarea legal\u0103?<\/p>\n<p>Tot nu-i clar \u00een ce mod se va constata \u0219i actualiza starea tehnic\u0103 a automobilelor din regiune sau, dac\u0103 recunoa\u0219te documentele locale (transnistrene), \u00een ce m\u0103sur\u0103 aceasta ne ajut\u0103 dac\u0103 nu avem controlul asupra sistemului integrat de date cu privire la mijloacele de transport din regiunea separatist\u0103?<\/p>\n<p>Aceste neclarit\u0103\u021bi pot provoca riscuri legate de contraband\u0103 cu ma\u0219ini, proceduri de \u00eenregistrare a automobili\u0219tilor din partea dreapt\u0103 la Tiraspol \u0219i alte afaceri, care nu pot genera stabilitate \u0219i \u00eencredere \u00een sistemul legal al R. Moldova.<\/p>\n<p>Interviul integral la\u00a0<a href=\"http:\/\/www.ziarulnational.md\/interviu-igor-munteanu-nu-putem-privi-numerele-neutre-cu-care-masinile-din-transnistria-vor-fi-acceptate-in-traficul-international-drept-un-castig-pentru-r-moldova\/\">http:\/\/www.ziarulnational.md\/<\/a><\/p>\n","protected":false},"excerpt":{"rendered":"<p>Autor: Raisa Lozinschi \u00cen\u021belegerea semnat\u0103 ieri, 24 aprilie, de c\u0103tre reprezentan\u021bii Chi\u0219in\u0103ului \u0219i Tiraspolului privind admiterea \u00een traficul interna\u021bional, \u00eencep\u00e2nd cu luna septembrie 2018, a ma\u0219inilor transnistrene care vor avea numere de \u00eenmatriculare neutre, nu are cum s\u0103 fie considerat\u0103 un c\u00e2\u0219tig pentru R. Moldova, ci mai degrab\u0103 are toate ingredientele unei pierderi. De aceast\u0103&#8230;<\/p>\n","protected":false},"author":2,"featured_media":0,"comment_status":"closed","ping_status":"open","sticky":false,"template":"","format":"standard","meta":[],"categories":[1],"tags":[],"_links":{"self":[{"href":"https:\/\/centers.ulbsibiu.ro\/ccsprise\/lact\/wp-json\/wp\/v2\/posts\/4692"}],"collection":[{"href":"https:\/\/centers.ulbsibiu.ro\/ccsprise\/lact\/wp-json\/wp\/v2\/posts"}],"about":[{"href":"https:\/\/centers.ulbsibiu.ro\/ccsprise\/lact\/wp-json\/wp\/v2\/types\/post"}],"author":[{"embeddable":true,"href":"https:\/\/centers.ulbsibiu.ro\/ccsprise\/lact\/wp-json\/wp\/v2\/users\/2"}],"replies":[{"embeddable":true,"href":"https:\/\/centers.ulbsibiu.ro\/ccsprise\/lact\/wp-json\/wp\/v2\/comments?post=4692"}],"version-history":[{"count":4,"href":"https:\/\/centers.ulbsibiu.ro\/ccsprise\/lact\/wp-json\/wp\/v2\/posts\/4692\/revisions"}],"predecessor-version":[{"id":8118,"href":"https:\/\/centers.ulbsibiu.ro\/ccsprise\/lact\/wp-json\/wp\/v2\/posts\/4692\/revisions\/8118"}],"wp:attachment":[{"href":"https:\/\/centers.ulbsibiu.ro\/ccsprise\/lact\/wp-json\/wp\/v2\/media?parent=4692"}],"wp:term":[{"taxonomy":"category","embeddable":true,"href":"https:\/\/centers.ulbsibiu.ro\/ccsprise\/lact\/wp-json\/wp\/v2\/categories?post=4692"},{"taxonomy":"post_tag","embeddable":true,"href":"https:\/\/centers.ulbsibiu.ro\/ccsprise\/lact\/wp-json\/wp\/v2\/tags?post=4692"}],"curies":[{"name":"wp","href":"https:\/\/api.w.org\/{rel}","templated":true}]}}