{"id":4690,"date":"2018-04-25T18:45:16","date_gmt":"2018-04-25T16:45:16","guid":{"rendered":"https:\/\/centers.ulbsibiu.ro\/ccsprise\/lact\/?p=4690"},"modified":"2018-04-25T18:45:16","modified_gmt":"2018-04-25T16:45:16","slug":"gov-md-intrevederea-reprezentantilor-biroului-politici-de-reintegrare-cu-reprezentantii-pnud","status":"publish","type":"post","link":"https:\/\/centers.ulbsibiu.ro\/ccsprise\/lact\/gov-md-intrevederea-reprezentantilor-biroului-politici-de-reintegrare-cu-reprezentantii-pnud\/","title":{"rendered":"Gov.md &#8211; \u00centrevederea reprezentan\u021bilor Biroului politici de reintegrare cu reprezentan\u021bii PNUD"},"content":{"rendered":"<p>Ieri, 24 aprilie 2018, reprezentan\u021bii Biroului politici de reintegrare au avut o \u00eentrevedere cu omologii din cadrul Programului Na\u021biunilor Unite pentru Dezvoltare (PNUD).<\/p>\n<p>\u00cen cadrul discu\u021biilor reprezentan\u021bii PNUD au expus priorit\u0103\u021bile pe termen scurt \u0219i lung a organiza\u021biei pe care o reprezint\u0103. Totodat\u0103 a fost relatat un scurt istoric al programului suport pentru consolidarea m\u0103surilor de \u00eencredere, inclusiv a activit\u0103\u021bilor ce se preconizeaz\u0103 \u00een acest an.<\/p>\n<p>\u00cen aceea\u0219i ordine de idei, reprezentan\u021bii Biroului politici de reintegrare au apreciat impactul pe care-l au m\u0103surile de consolidare a \u00eencrederii pentru ambele maluri, conform statisticii exist\u00e2nd deja 150 de locuri de munc\u0103 nou-create \u0219i o rat\u0103 a exporturilor din regiunea transnistrean\u0103 c\u0103tre Uniunea European\u0103 \u00een continu\u0103 cre\u0219tere.<\/p>\n<p>La final p\u0103r\u021bile au consemnat necesitatea coordon\u0103rii m\u0103surilor care se \u00eentreprind \u00eentru a asigura un proces transparent \u00een cadrul proiectelor demarate c\u00e2t \u0219i a celor ce se vor demara \u00een timpul apropiat.<\/p>\n<p>Sursa:\u00a0<a href=\"https:\/\/gov.md\/ro\/content\/intrevederea-reprezentantilor-biroului-politici-de-reintegrare-cu-reprezentantii-pnud\">https:\/\/gov.md\/<\/a><\/p>\n","protected":false},"excerpt":{"rendered":"<p>Ieri, 24 aprilie 2018, reprezentan\u021bii Biroului politici de reintegrare au avut o \u00eentrevedere cu omologii din cadrul Programului Na\u021biunilor Unite pentru Dezvoltare (PNUD). \u00cen cadrul discu\u021biilor reprezentan\u021bii PNUD au expus priorit\u0103\u021bile pe termen scurt \u0219i lung a organiza\u021biei pe care o reprezint\u0103. Totodat\u0103 a fost relatat un scurt istoric al programului suport pentru consolidarea m\u0103surilor&#8230;<\/p>\n","protected":false},"author":2,"featured_media":0,"comment_status":"closed","ping_status":"open","sticky":false,"template":"","format":"standard","meta":[],"categories":[1],"tags":[],"_links":{"self":[{"href":"https:\/\/centers.ulbsibiu.ro\/ccsprise\/lact\/wp-json\/wp\/v2\/posts\/4690"}],"collection":[{"href":"https:\/\/centers.ulbsibiu.ro\/ccsprise\/lact\/wp-json\/wp\/v2\/posts"}],"about":[{"href":"https:\/\/centers.ulbsibiu.ro\/ccsprise\/lact\/wp-json\/wp\/v2\/types\/post"}],"author":[{"embeddable":true,"href":"https:\/\/centers.ulbsibiu.ro\/ccsprise\/lact\/wp-json\/wp\/v2\/users\/2"}],"replies":[{"embeddable":true,"href":"https:\/\/centers.ulbsibiu.ro\/ccsprise\/lact\/wp-json\/wp\/v2\/comments?post=4690"}],"version-history":[{"count":1,"href":"https:\/\/centers.ulbsibiu.ro\/ccsprise\/lact\/wp-json\/wp\/v2\/posts\/4690\/revisions"}],"predecessor-version":[{"id":4691,"href":"https:\/\/centers.ulbsibiu.ro\/ccsprise\/lact\/wp-json\/wp\/v2\/posts\/4690\/revisions\/4691"}],"wp:attachment":[{"href":"https:\/\/centers.ulbsibiu.ro\/ccsprise\/lact\/wp-json\/wp\/v2\/media?parent=4690"}],"wp:term":[{"taxonomy":"category","embeddable":true,"href":"https:\/\/centers.ulbsibiu.ro\/ccsprise\/lact\/wp-json\/wp\/v2\/categories?post=4690"},{"taxonomy":"post_tag","embeddable":true,"href":"https:\/\/centers.ulbsibiu.ro\/ccsprise\/lact\/wp-json\/wp\/v2\/tags?post=4690"}],"curies":[{"name":"wp","href":"https:\/\/api.w.org\/{rel}","templated":true}]}}