{"id":4688,"date":"2018-04-25T18:43:57","date_gmt":"2018-04-25T16:43:57","guid":{"rendered":"https:\/\/centers.ulbsibiu.ro\/ccsprise\/lact\/?p=4688"},"modified":"2018-04-25T18:43:57","modified_gmt":"2018-04-25T16:43:57","slug":"publika-md-cristina-lesnic-despre-programul-activitatilor-pentru-integrare-din-trasnistria-speram-ca-in-acest-program-va-fi-asigurata-cresterea-calitatii-vietii","status":"publish","type":"post","link":"https:\/\/centers.ulbsibiu.ro\/ccsprise\/lact\/publika-md-cristina-lesnic-despre-programul-activitatilor-pentru-integrare-din-trasnistria-speram-ca-in-acest-program-va-fi-asigurata-cresterea-calitatii-vietii\/","title":{"rendered":"Publika.md &#8211; Cristina Lesnic despre programul activit\u0103\u021bilor pentru Integrare din Trasnistria: Sper\u0103m c\u0103 \u00een acest program va fi asigurat\u0103 cre\u0219terea calit\u0103\u021bii vie\u021bii"},"content":{"rendered":"<p><strong>Dup\u0103 \u015fedin\u0163a Guvernului, de ast\u0103zi, viceprim-ministru pentru Reintegrare, Cristina Lesnic, a venit cu unele declara\u0163ii despre programul activit\u0103\u0163ilor pentru Integrare \u00een anul 2018, dar a r\u0103spuns \u015fi la unele \u00eentreb\u0103ri legate de pl\u0103cu\u0163ele de \u00eenmatriculare din regiunea Transnistria.<\/strong><\/p>\n<p>&#8220;Ast\u0103zi guvernul a aprobat un nou document. Este vorba despre despre programul activit\u0103\u021bilor pentru Integrare \u00een anul 2018. Acest program implic\u0103 mai multe activit\u0103\u021bi pentru popula\u021bia din zona de securitate. Vreau s\u0103 men\u021bionez faptul c\u0103 bugetul care este alocat pentru aceste activit\u0103\u021bi este \u00een valore de 15 milioane de lei, alocat din bugetul de stat.<\/p>\n<p>Este important s\u0103 men\u021bion\u0103m c\u0103 \u00een acest program vor beneficia locuitorii \u0219i \u00een particular pentru anumite activit\u0103\u021bi. Aici vreau s\u0103 punctez c\u00e2teva dintre ele:<\/p>\n<p>Este vorba de sistemul educa\u021bional, institu\u021biile pre\u0219colare, apeducte, activit\u0103\u021bi ce \u021bin de obiectivul de reintegrarea \u021b\u0103rii. A existat o comisie care a selectat 49 de proiecte din cele 140 \u00eenaintate. Pentru perioada 2011-2017 guvernul a alocat 82 milioane pentru circa 309 de proiecte.<\/p>\n<p>Sper\u0103m c\u0103 \u00een acest program va fi asigurat\u0103 cre\u0219terea calit\u0103\u021bii vie\u021bii.<\/p>\n<p>Referitor la pl\u0103cu\u021bele de \u00eenmatriculare. Chi\u0219in\u0103u \u0219i Tiraspol a semnat o nou\u0103 decizie. C\u00e2teva benefici: prin aceast\u0103 decizie s-a f\u0103cut un pas \u00eenainte pentru solu\u021bionarea problemei celor care \u00ee\u0219i \u00eenregistrau ma\u0219inile de pe malul st\u00e2ng oe malul drept. Vom avea mai bun\u0103 prezen\u021b\u0103 a autorit\u0103\u021bilor \u00een teritoriu.<\/p>\n<p>P\u00e2n\u0103 \u00een septembrie vom lucra la mecanismul de implimentare, loca\u021bia este numit punctul de \u00eenregistrare a transportului auto. Vor exista aproximativ 15 func\u021bionari \u00een cadrul fiec\u0103rui punct la R\u00e2bni\u021ba \u0219i Tiraspol&#8221;, a spus Cristina Lesnic, viceprim-ministru pentru Reintegrare.<\/p>\n<p><strong>PUBLIKA.MD<\/strong> aminte\u015fte c\u0103 ieri a fost semnat un protocol prin care posesorii de ma\u015fini din regiunea transnistrean\u0103 vor circula \u00een traficul interna\u0163ional.<\/p>\n<p>Cite\u0219te mai mult: <a href=\"https:\/\/www.publika.md\/cristina-lesnic-despre-programul-activitatilor-pentru-integrare-din-trasnistria-speram-ca-in-acest-program-va-fi-asigurata-cresterea-calitatii-vietii_3003820.html#ixzz5DhfbIjjI\">https:\/\/www.publika.md\/cristina-lesnic-despre-programul-activitatilor-pentru-integrare-din-trasnistria-speram-ca-in-acest-program-va-fi-asigurata-cresterea-calitatii-vietii_3003820.html#ixzz5DhfbIjjI<\/a><\/p>\n","protected":false},"excerpt":{"rendered":"<p>Dup\u0103 \u015fedin\u0163a Guvernului, de ast\u0103zi, viceprim-ministru pentru Reintegrare, Cristina Lesnic, a venit cu unele declara\u0163ii despre programul activit\u0103\u0163ilor pentru Integrare \u00een anul 2018, dar a r\u0103spuns \u015fi la unele \u00eentreb\u0103ri legate de pl\u0103cu\u0163ele de \u00eenmatriculare din regiunea Transnistria. &#8220;Ast\u0103zi guvernul a aprobat un nou document. Este vorba despre despre programul activit\u0103\u021bilor pentru Integrare \u00een anul&#8230;<\/p>\n","protected":false},"author":2,"featured_media":0,"comment_status":"closed","ping_status":"open","sticky":false,"template":"","format":"standard","meta":[],"categories":[1],"tags":[],"_links":{"self":[{"href":"https:\/\/centers.ulbsibiu.ro\/ccsprise\/lact\/wp-json\/wp\/v2\/posts\/4688"}],"collection":[{"href":"https:\/\/centers.ulbsibiu.ro\/ccsprise\/lact\/wp-json\/wp\/v2\/posts"}],"about":[{"href":"https:\/\/centers.ulbsibiu.ro\/ccsprise\/lact\/wp-json\/wp\/v2\/types\/post"}],"author":[{"embeddable":true,"href":"https:\/\/centers.ulbsibiu.ro\/ccsprise\/lact\/wp-json\/wp\/v2\/users\/2"}],"replies":[{"embeddable":true,"href":"https:\/\/centers.ulbsibiu.ro\/ccsprise\/lact\/wp-json\/wp\/v2\/comments?post=4688"}],"version-history":[{"count":1,"href":"https:\/\/centers.ulbsibiu.ro\/ccsprise\/lact\/wp-json\/wp\/v2\/posts\/4688\/revisions"}],"predecessor-version":[{"id":4689,"href":"https:\/\/centers.ulbsibiu.ro\/ccsprise\/lact\/wp-json\/wp\/v2\/posts\/4688\/revisions\/4689"}],"wp:attachment":[{"href":"https:\/\/centers.ulbsibiu.ro\/ccsprise\/lact\/wp-json\/wp\/v2\/media?parent=4688"}],"wp:term":[{"taxonomy":"category","embeddable":true,"href":"https:\/\/centers.ulbsibiu.ro\/ccsprise\/lact\/wp-json\/wp\/v2\/categories?post=4688"},{"taxonomy":"post_tag","embeddable":true,"href":"https:\/\/centers.ulbsibiu.ro\/ccsprise\/lact\/wp-json\/wp\/v2\/tags?post=4688"}],"curies":[{"name":"wp","href":"https:\/\/api.w.org\/{rel}","templated":true}]}}