{"id":4686,"date":"2018-04-25T18:39:50","date_gmt":"2018-04-25T16:39:50","guid":{"rendered":"https:\/\/centers.ulbsibiu.ro\/ccsprise\/lact\/?p=4686"},"modified":"2018-04-25T18:39:50","modified_gmt":"2018-04-25T16:39:50","slug":"gov-md-premierul-pavel-filip-pentru-prima-data-republica-moldova-va-controla-inmatricularea-masinilor-din-regiunea-transnistreana","status":"publish","type":"post","link":"https:\/\/centers.ulbsibiu.ro\/ccsprise\/lact\/gov-md-premierul-pavel-filip-pentru-prima-data-republica-moldova-va-controla-inmatricularea-masinilor-din-regiunea-transnistreana\/","title":{"rendered":"Gov.md &#8211; Premierul Pavel Filip: Pentru prima dat\u0103, Republica Moldova va controla \u00eenmatricularea ma\u0219inilor din regiunea transnistrean\u0103"},"content":{"rendered":"<p>Pentru prima dat\u0103, Republica Moldova va controla \u00eenmatricularea ma\u0219inilor din regiunea transnistrean\u0103, acestea fiind \u00eenregistrate \u00een Registrul de stat al Republicii Moldova. Proprietarii autovehiculelor vor primi certificate de \u00eenmatriculare, conform tuturor rigorilor Conven\u021biei de la Viena. Acest lucru a devenit posibil dup\u0103 semnarea deciziei protocolare dintre Chi\u0219in\u0103u \u0219i Tiraspol cu privire la pl\u0103cu\u021bele de \u00eenmatriculare neutre, care ofer\u0103 cet\u0103\u021benilor din regiunea transnistrean\u0103 posibilitatea de a c\u0103l\u0103tori peste hotare cu ma\u0219inile proprii.<\/p>\n<p>Introducerea pl\u0103cu\u021belor de \u00eenmatriculare pentru ma\u0219inile din regiune a fost unul dintre angajamentele luate \u00een noiembrie anul trecut, \u00een cadrul negocierilor \u00een formatul \u201e5+2\u201d de la Viena.<\/p>\n<p>Prim-ministrul a men\u021bionat \u0219i alte progrese \u00een reglementarea transnistrean\u0103, \u00eentre care \u0219i asigurarea accesului agricultorilor din raionul Dub\u0103sari la terenurilor lor, situate dup\u0103 traseul Tiraspol-R\u00e2bni\u0163a. De asemenea, au fost dep\u0103\u0219ite unele probleme privind func\u021bionarea \u0219colilor din regiunea transnistrean\u0103 cu predare \u00een grafie latin\u0103, a fost deschis podul Gura B\u00eecului &#8211; B\u00eecioc, iar \u00een prezent este \u00een proces de implementare decizia protocolar\u0103 referitoare la telefonie, \u00een acest sens fiind determinant\u0103 atitudinea operatorilor de telefonie mobil\u0103.<\/p>\n<p>Pavel Filip a mul\u021bumit echipei care a lucrat pentru ob\u021binerea acestor realiz\u0103ri pe dimensiunea transnistrean\u0103, precum \u0219i OSCE, salut\u00e2nd rolul pozitiv al organiza\u021biei \u00een procesul de negocieri.<\/p>\n<p>Sursa:\u00a0<a href=\"https:\/\/gov.md\/ro\/content\/premierul-pavel-filip-pentru-prima-data-republica-moldova-va-controla-inmatricularea\">https:\/\/gov.md\/<\/a><\/p>\n","protected":false},"excerpt":{"rendered":"<p>Pentru prima dat\u0103, Republica Moldova va controla \u00eenmatricularea ma\u0219inilor din regiunea transnistrean\u0103, acestea fiind \u00eenregistrate \u00een Registrul de stat al Republicii Moldova. Proprietarii autovehiculelor vor primi certificate de \u00eenmatriculare, conform tuturor rigorilor Conven\u021biei de la Viena. Acest lucru a devenit posibil dup\u0103 semnarea deciziei protocolare dintre Chi\u0219in\u0103u \u0219i Tiraspol cu privire la pl\u0103cu\u021bele de \u00eenmatriculare&#8230;<\/p>\n","protected":false},"author":2,"featured_media":0,"comment_status":"closed","ping_status":"open","sticky":false,"template":"","format":"standard","meta":[],"categories":[1],"tags":[],"_links":{"self":[{"href":"https:\/\/centers.ulbsibiu.ro\/ccsprise\/lact\/wp-json\/wp\/v2\/posts\/4686"}],"collection":[{"href":"https:\/\/centers.ulbsibiu.ro\/ccsprise\/lact\/wp-json\/wp\/v2\/posts"}],"about":[{"href":"https:\/\/centers.ulbsibiu.ro\/ccsprise\/lact\/wp-json\/wp\/v2\/types\/post"}],"author":[{"embeddable":true,"href":"https:\/\/centers.ulbsibiu.ro\/ccsprise\/lact\/wp-json\/wp\/v2\/users\/2"}],"replies":[{"embeddable":true,"href":"https:\/\/centers.ulbsibiu.ro\/ccsprise\/lact\/wp-json\/wp\/v2\/comments?post=4686"}],"version-history":[{"count":1,"href":"https:\/\/centers.ulbsibiu.ro\/ccsprise\/lact\/wp-json\/wp\/v2\/posts\/4686\/revisions"}],"predecessor-version":[{"id":4687,"href":"https:\/\/centers.ulbsibiu.ro\/ccsprise\/lact\/wp-json\/wp\/v2\/posts\/4686\/revisions\/4687"}],"wp:attachment":[{"href":"https:\/\/centers.ulbsibiu.ro\/ccsprise\/lact\/wp-json\/wp\/v2\/media?parent=4686"}],"wp:term":[{"taxonomy":"category","embeddable":true,"href":"https:\/\/centers.ulbsibiu.ro\/ccsprise\/lact\/wp-json\/wp\/v2\/categories?post=4686"},{"taxonomy":"post_tag","embeddable":true,"href":"https:\/\/centers.ulbsibiu.ro\/ccsprise\/lact\/wp-json\/wp\/v2\/tags?post=4686"}],"curies":[{"name":"wp","href":"https:\/\/api.w.org\/{rel}","templated":true}]}}