{"id":4679,"date":"2018-04-24T17:17:39","date_gmt":"2018-04-24T15:17:39","guid":{"rendered":"https:\/\/centers.ulbsibiu.ro\/ccsprise\/lact\/?p=4679"},"modified":"2018-04-24T17:17:39","modified_gmt":"2018-04-24T15:17:39","slug":"deschide-md-numere-neutre-pentru-transnistreni-osce-ul-joaca-de-partea-separatistilor","status":"publish","type":"post","link":"https:\/\/centers.ulbsibiu.ro\/ccsprise\/lact\/deschide-md-numere-neutre-pentru-transnistreni-osce-ul-joaca-de-partea-separatistilor\/","title":{"rendered":"Deschide.md &#8211; Numere neutre pentru transnistreni \/\/ OSCE-ul \u201ejoac\u0103\u201d de partea separati\u0219tilor"},"content":{"rendered":"<p>Author: Vasile Cojocari<\/p>\n<p>\u0218eful misiunii OSCE \u00een R. Moldova Michael Scanlan pune presiuni asupra Chi\u0219in\u0103ului \u0219i \u00ee\u0219i asum\u0103 prea multe decizii, iar prin ac\u021biunile \u0219i declara\u021biile sale nu face dec\u00e2t s\u0103 tergiverseze procesul de reglementare a procesului transnistrean, declar\u0103 exper\u021bii \u00een securitatea Rosian Vasiloi \u0219i Oazu Nantoi, dup\u0103 ce ieri au fost nevoi\u021bi s\u0103 p\u0103r\u0103seasc\u0103 \u0219edin\u021ba Biroului de Reintegrare unde au fost invita\u021bi pentru prezentarea mecanismului de accedere a mijloacelor de transport transnistrene \u00een traficul rutier interna\u021bional.<\/p>\n<p><span lang=\"IT\">La evenimentul de ieri a fost prezent \u0219i Scanlan, care a vorbit nu numai din partea OSCE-ului, dar \u0219i a Ucrainei \u0219i a Federa\u021biei Ruse, pretinz\u00e2nd c\u0103 reprezint\u0103 \u0219i aceste \u021b\u0103ri la \u0219edin\u021ba respectiv\u0103.<\/span><\/p>\n<p><span lang=\"IT\">\u201e\u00cen ceea ce prive\u0219te \u0219edin\u021ba de ieri, noi am fost nevoi\u021bi s\u0103 plec\u0103m la un moment dat. Ambasadorul Germaniei a f\u0103cut referire la modelul german de \u00eenmatriculare a ma\u0219inilor. \u00cens\u0103 noi nu putem s\u0103-l aplic\u0103m \u00een R. Moldova, pentru c\u0103 \u00een Germania toate mecanismele sunt reglementate de Legisla\u021bia na\u021bional\u0103, iar landurile fac parte dintr-o \u021bar\u0103 unit\u0103, ceea ce lipse\u0219te la noi\u201d, a spus Vasiloi.<\/span><\/p>\n<p><span lang=\"IT\">Respectivul \u0219i-a exprimat regretul c\u0103 R. Moldova tolereaz\u0103 astfel de diploma\u021bi precum Scanlan.<\/span><\/p>\n<p><span lang=\"IT\">\u201e\u0218i \u00een privin\u021ba lui Scanlan. Mie \u00eemi pare foarte r\u0103u c\u0103 noi \u00een R. Moldova toler\u0103m asemenea diploma\u021bi care-\u0219i asum\u0103 prea multe decizii \u0219i \u00een genere prea multe asupra unui proces anevoios ca reglementarea transnistrean\u0103\u201d, a subliniat expertul.<\/span><\/p>\n<p><span lang=\"IT\">Vasiloi a r\u0103mas nedumerit atunci c\u00e2nd Michael Scanlan a vorbit \u0219i din numele Kievului \u0219i a Moscovei.<\/span><\/p>\n<p><span lang=\"IT\">\u201eLa acea \u0219edin\u021b\u0103 Scanlan a spus c\u0103 el reprezint\u0103 \u0219i pozi\u021bia membrilor formatului 5+2 referindu-se la Federa\u021bia Rus\u0103 \u0219i Ucraina. De Federa\u021bia Rus\u0103 nu vorbesc, e totul clar cu ei, dar a\u0219 vrea s\u0103 aud \u0219i reac\u021bia Ucrainei\u201d, sus\u021bine Vasiloi.<\/span><\/p>\n<p><span lang=\"IT\">Acesta mai spune c\u0103 de fapt, Scnalan tergiverseaz\u0103 sau creaz\u0103 anumite condi\u021bii de tergiversare a conflictului transnistrean, pentru c\u0103 nu pune accentul pe reglementarea politic\u0103 a conflictului.<\/span><\/p>\n<p><span lang=\"IT\">Referindu-se la subiectul numerelor neutre pentru autovehiculele transnistrene, Vasiloi spune c\u0103 e dezam\u0103git, deoarece autorit\u0103\u021bile moldovene nu au consultat cu societatea civil\u0103 unele decizii.<\/span><\/p>\n<p><span lang=\"IT\">\u201eDe fapt Biroul de Reintegrare a \u00eencercat prin \u0219edin\u021ba de ieri s\u0103 legifereze ceea ce a fost pe parcursul negocierilor, dar au fost mai mult de 20 de \u0219edin\u021be. Societatea civil\u0103 a fost invitat\u0103 ca s\u0103 fie informat\u0103 post factum despre ceea ce s-a discutat. Trebuia s\u0103 cel pu\u021bin s\u0103 fim consulta\u021bi. Deaceea noi spuneam c\u0103 decizia deja a fost luat\u0103 \u0219i se mimeaz\u0103 procesul de negocieri\u201d, a conchis Vasiloi.<\/span><\/p>\n<p>Totodat\u0103 analistul Oazu Nantoi, care la fel a p\u0103r\u0103sit \u0219edin\u021ba, spune c\u0103 astfel OSCE-ul exercit\u0103 presiuni asupra Chi\u0219in\u0103ului \u0219i astfel se iau decizii \u00een favoarea Tiraspolului \u0219i a Moscovei.<\/p>\n<p><span lang=\"IT\">\u201eDomnul Scanlan a vorbit, dar eu am o atitudine dispre\u021buitoare fa\u021b\u0103 de OSCE. El a spus c\u0103 aceast\u0103 decizie ( privind acordarea numerelor neutre \u2013 n.red) este foarte \u00een\u021beleapt\u0103 \u0219i confirm\u0103 statutul special al Transnistriei \u00een componen\u021ba R. Moldova. Dar n-a ad\u0103ugat c\u0103 aceasta va fi cam pe la Pa\u0219tele\u201d, ne-a spus Nantoi.<\/span><\/p>\n<p><span lang=\"IT\">Amintim c\u0103 Biroul de Reintegrare a informat ast\u0103zi \u201ec\u0103 p\u0103r\u021bile au ajuns la un numitor comun vis-a-vis de mecanismul de admitere a autovehiculelor din regiunea transnistrean\u0103 \u00een traficul interna\u021bional\u201d. Peste o or\u0103 au trimis un nou comunicat \u00een care au anun\u021bat c\u0103 \u201east\u0103zi \u00een ora\u0219ul Bender va avea loc evenimentul de semnare a Deciziei protocolare cu privire la participarea mijloacelor de transport auto din regiunea transnistrean\u0103, care nu desf\u0103\u0219oar\u0103 activitate comercial\u0103, \u00een traficul rutier interna\u021bional\u201d.<\/span><\/p>\n<p>Sursa:\u00a0<a href=\"https:\/\/deschide.md\/ro\/stiri\/politic\/29884\/Numere-neutre-pentru-transnistreni--OSCE-ul-\u201ejoac\u0103\u201d-de-partea-separati\u0219tilor.htm\">https:\/\/deschide.md\/<\/a><\/p>\n","protected":false},"excerpt":{"rendered":"<p>Author: Vasile Cojocari \u0218eful misiunii OSCE \u00een R. Moldova Michael Scanlan pune presiuni asupra Chi\u0219in\u0103ului \u0219i \u00ee\u0219i asum\u0103 prea multe decizii, iar prin ac\u021biunile \u0219i declara\u021biile sale nu face dec\u00e2t s\u0103 tergiverseze procesul de reglementare a procesului transnistrean, declar\u0103 exper\u021bii \u00een securitatea Rosian Vasiloi \u0219i Oazu Nantoi, dup\u0103 ce ieri au fost nevoi\u021bi s\u0103 p\u0103r\u0103seasc\u0103&#8230;<\/p>\n","protected":false},"author":2,"featured_media":0,"comment_status":"closed","ping_status":"open","sticky":false,"template":"","format":"standard","meta":[],"categories":[1],"tags":[],"_links":{"self":[{"href":"https:\/\/centers.ulbsibiu.ro\/ccsprise\/lact\/wp-json\/wp\/v2\/posts\/4679"}],"collection":[{"href":"https:\/\/centers.ulbsibiu.ro\/ccsprise\/lact\/wp-json\/wp\/v2\/posts"}],"about":[{"href":"https:\/\/centers.ulbsibiu.ro\/ccsprise\/lact\/wp-json\/wp\/v2\/types\/post"}],"author":[{"embeddable":true,"href":"https:\/\/centers.ulbsibiu.ro\/ccsprise\/lact\/wp-json\/wp\/v2\/users\/2"}],"replies":[{"embeddable":true,"href":"https:\/\/centers.ulbsibiu.ro\/ccsprise\/lact\/wp-json\/wp\/v2\/comments?post=4679"}],"version-history":[{"count":1,"href":"https:\/\/centers.ulbsibiu.ro\/ccsprise\/lact\/wp-json\/wp\/v2\/posts\/4679\/revisions"}],"predecessor-version":[{"id":4680,"href":"https:\/\/centers.ulbsibiu.ro\/ccsprise\/lact\/wp-json\/wp\/v2\/posts\/4679\/revisions\/4680"}],"wp:attachment":[{"href":"https:\/\/centers.ulbsibiu.ro\/ccsprise\/lact\/wp-json\/wp\/v2\/media?parent=4679"}],"wp:term":[{"taxonomy":"category","embeddable":true,"href":"https:\/\/centers.ulbsibiu.ro\/ccsprise\/lact\/wp-json\/wp\/v2\/categories?post=4679"},{"taxonomy":"post_tag","embeddable":true,"href":"https:\/\/centers.ulbsibiu.ro\/ccsprise\/lact\/wp-json\/wp\/v2\/tags?post=4679"}],"curies":[{"name":"wp","href":"https:\/\/api.w.org\/{rel}","templated":true}]}}