{"id":4677,"date":"2018-04-24T17:13:12","date_gmt":"2018-04-24T15:13:12","guid":{"rendered":"https:\/\/centers.ulbsibiu.ro\/ccsprise\/lact\/?p=4677"},"modified":"2018-04-24T17:13:12","modified_gmt":"2018-04-24T15:13:12","slug":"infotag-md-pdm-liberalizarea-numerelor-de-inmatriculare-pentru-locuitorii-transnistriei-nu-implica-niciun-fel-de-riscuri","status":"publish","type":"post","link":"https:\/\/centers.ulbsibiu.ro\/ccsprise\/lact\/infotag-md-pdm-liberalizarea-numerelor-de-inmatriculare-pentru-locuitorii-transnistriei-nu-implica-niciun-fel-de-riscuri\/","title":{"rendered":"Infotag.md &#8211; PDM: LIBERALIZAREA NUMERELOR DE \u00ceNMATRICULARE PENTRU LOCUITORII TRANSNISTRIEI NU IMPLIC\u0102 NICIUN FEL DE RISCURI"},"content":{"rendered":"<p>Liberalizarea numerelor de \u00eenmatriculare a transportului auto pentru locuitorii Transnistriei nu implic\u0103 niciun fel de riscuri. Potrivit agen\u0163iei INFOTAG, despre aceasta a anun\u0163at, mar\u0163i, \u00een cadrul unei conferin\u0163e de pres\u0103 dup\u0103 \u015fedin\u0163a conducerii Partidului Democrat (PDM), purt\u0103torul de cuv\u00e2nt al forma\u0163iunii, Vitalie Gamurari.<\/p>\n<p>El a men\u021bionat c\u0103 decizia este una bine g\u00e2ndit\u0103, iar negocierile prev\u0103d diferite concesii din partea fiec\u0103reia dintre p\u0103r\u021bi.<\/p>\n<p>\u201eAcesta este un pas \u00eenainte, f\u0103cut de autorit\u0103\u021bi. De-a lungul anilor, dialogul dintre Chi\u0219in\u0103u \u0219i Tiraspol a fost unul formal, f\u0103r\u0103 rezultate\u201d, a spus Gamurari.<\/p>\n<p>Potrivit lui, pentru prima dat\u0103 din anul 1991, \u00een dou\u0103 localit\u0103\u021bi (R\u00e2bni\u021ba \u0219i Tiraspol) vor fi create birouri care se vor ocupa de eliberarea documentelor \u0219i pl\u0103cu\u021belor de \u00eenmatriculare.<\/p>\n<p>El a adus exemplul Irlandei de Nord, unde exist\u0103 un mecanism similar, \u0219i a subliniat c\u0103 liberalizarea \u201enu este o recunoa\u015ftere a regimului, deoarece acest protocol nu prevede un tratat interna\u021bional, care trebuie s\u0103 fie ratificat de c\u0103tre Parlamentul Republicii Moldova, \u0219i nu prevede vizita ministrului Afacerilor Externe \u0219i Integr\u0103rii Europene\u201c.<\/p>\n<p>Sursa:\u00a0<a href=\"http:\/\/www.infotag.md\/rebelion-ro\/262484\/\">http:\/\/www.infotag.md\/<\/a><\/p>\n","protected":false},"excerpt":{"rendered":"<p>Liberalizarea numerelor de \u00eenmatriculare a transportului auto pentru locuitorii Transnistriei nu implic\u0103 niciun fel de riscuri. Potrivit agen\u0163iei INFOTAG, despre aceasta a anun\u0163at, mar\u0163i, \u00een cadrul unei conferin\u0163e de pres\u0103 dup\u0103 \u015fedin\u0163a conducerii Partidului Democrat (PDM), purt\u0103torul de cuv\u00e2nt al forma\u0163iunii, Vitalie Gamurari. El a men\u021bionat c\u0103 decizia este una bine g\u00e2ndit\u0103, iar negocierile prev\u0103d&#8230;<\/p>\n","protected":false},"author":2,"featured_media":0,"comment_status":"closed","ping_status":"open","sticky":false,"template":"","format":"standard","meta":[],"categories":[1],"tags":[],"_links":{"self":[{"href":"https:\/\/centers.ulbsibiu.ro\/ccsprise\/lact\/wp-json\/wp\/v2\/posts\/4677"}],"collection":[{"href":"https:\/\/centers.ulbsibiu.ro\/ccsprise\/lact\/wp-json\/wp\/v2\/posts"}],"about":[{"href":"https:\/\/centers.ulbsibiu.ro\/ccsprise\/lact\/wp-json\/wp\/v2\/types\/post"}],"author":[{"embeddable":true,"href":"https:\/\/centers.ulbsibiu.ro\/ccsprise\/lact\/wp-json\/wp\/v2\/users\/2"}],"replies":[{"embeddable":true,"href":"https:\/\/centers.ulbsibiu.ro\/ccsprise\/lact\/wp-json\/wp\/v2\/comments?post=4677"}],"version-history":[{"count":1,"href":"https:\/\/centers.ulbsibiu.ro\/ccsprise\/lact\/wp-json\/wp\/v2\/posts\/4677\/revisions"}],"predecessor-version":[{"id":4678,"href":"https:\/\/centers.ulbsibiu.ro\/ccsprise\/lact\/wp-json\/wp\/v2\/posts\/4677\/revisions\/4678"}],"wp:attachment":[{"href":"https:\/\/centers.ulbsibiu.ro\/ccsprise\/lact\/wp-json\/wp\/v2\/media?parent=4677"}],"wp:term":[{"taxonomy":"category","embeddable":true,"href":"https:\/\/centers.ulbsibiu.ro\/ccsprise\/lact\/wp-json\/wp\/v2\/categories?post=4677"},{"taxonomy":"post_tag","embeddable":true,"href":"https:\/\/centers.ulbsibiu.ro\/ccsprise\/lact\/wp-json\/wp\/v2\/tags?post=4677"}],"curies":[{"name":"wp","href":"https:\/\/api.w.org\/{rel}","templated":true}]}}