{"id":4675,"date":"2018-04-24T17:11:58","date_gmt":"2018-04-24T15:11:58","guid":{"rendered":"https:\/\/centers.ulbsibiu.ro\/ccsprise\/lact\/?p=4675"},"modified":"2020-06-12T18:46:50","modified_gmt":"2020-06-12T16:46:50","slug":"europalibera-org-ion-leahu-chisinaul-nu-are-experienta-nu-este-capabil-sa-si-formuleze-clar-viziunea","status":"publish","type":"post","link":"https:\/\/centers.ulbsibiu.ro\/ccsprise\/lact\/europalibera-org-ion-leahu-chisinaul-nu-are-experienta-nu-este-capabil-sa-si-formuleze-clar-viziunea\/","title":{"rendered":"Europalibera.org &#8211; Ion Leahu: \u201eChi\u0219in\u0103ul nu are experien\u021b\u0103, nu este capabil s\u0103-\u0219i formuleze clar viziunea\u201d"},"content":{"rendered":"<div class=\"intro content-offset\">\n<p><a class=\"links__item-link\" title=\"Valentina Ursu\" href=\"https:\/\/www.europalibera.org\/author\/20537.html\">Valentina Ursu<\/a><\/p>\n<p>Un interviu cu expertul fost membru al Comisiei Unificate de control \u00een ajunul anun\u021batei \u00eent\u00eelniri dintre pre\u0219edintele Igor Dodon \u0219i liderul separatist Vadim Krasnoselski.<\/p>\n<\/div>\n<div id=\"article-content\" class=\"content-floated-wrap\">\n<div class=\"wsw\">\n<p><em>Pre\u0219edintele Igor Dodon are programat\u0103 o \u00eentrevedere cu liderul separatist de la Tiraspol, Vadim Krasnoselski. Cei doi ar urma s\u0103 se \u00eent\u00e2lneasc\u0103 pe 25 aprilie, dar locul nu a fost \u00eenc\u0103 stabilit, transmite Pre\u0219edin\u021bia. Agenda de discu\u021bii nu este public\u0103, purt\u0103torul de cuv\u00e2nt al \u0219efului statului, Maxim Lebedischi, preciz\u00e2nd c\u0103 nu poate oferi detalii despre subiectele care vor fi abordate \u00een cadrul \u00eentrevederii. Cei doi au mai avut \u00eent\u00e2lniri anul trecut, dar \u00een ultima vreme Krasnoselski a fost foarte critic la adresa lui Dodon. O opinie a evolu\u021biilor \u00een negocierile de reglementare a chestiunii transnistrene \u00eentr-un interviu cu expertul Ion Leahu, fost membru al Comisiei Unificate de Control<\/em>.<\/p>\n<p><strong>uropa Liber\u0103: S-a anun\u021bat c\u0103 \u0219eful statului, Igor Dodon, se va \u00eent\u00e2lni cu liderul tiraspolean, Vadim Krasnoselski. Ce pot s\u0103 decid\u0103 cei doi interlocutori?<\/strong><\/p>\n<p><strong>Ion Leahu:<\/strong> \u201eExperien\u021ba de mai mult de un an de zile a tentativelor de a se \u00eent\u00e2lni \u0219i a hot\u0103r\u00ee ceva acolo, la v\u00e2rf, \u00eentre ei doi, chipurile, ca doi lideri a demonstrat imposibilitatea unor asemenea decizii, hot\u0103r\u00e2ri, acorduri simple, absolut simple \u0219i evidente motive \u2013 Dodon nu are putere administrativ\u0103 \u0219i nici oarecare alta \u00een Republica Moldova. Tot ce propune Chi\u0219in\u0103ul, absolut tot ce propune Chi\u0219in\u0103ul, dac\u0103 m\u0103car o iot\u0103 contravine intereselor \u201eSheriff\u201d-ului, intereselor structurilor care dirijeaz\u0103 situa\u021bia din st\u00e2nga Nistrului, evident c\u0103 nu se accept\u0103. \u0218i din contra, s\u0103 spunem a\u0219a, valul de \u00een\u021belegeri, de acorduri, care au entuziasmat \u00eentreaga lume politic\u0103 \u00een Vest \u0219i \u00een Est din toamna anului trecut, dac\u0103 le analiz\u0103m atent, ele au fost absolut toate pe placul Transnistriei, au fost \u00een interesul Transnistriei.\u201d<\/p>\n<p><strong>Europa Liber\u0103: De la semnarea acestui pachet de \u00een\u021belegeri \u00eentre Chi\u0219in\u0103u \u0219i Tiraspol din decembrie \u0219i p\u00e2n\u0103 ast\u0103zi, concret, ce s-a reu\u0219it s\u0103 se implementeze?<\/strong><\/p>\n<p><strong>Ion Leahu:<\/strong> \u201e\u00cen primul r\u00e2nd, este hot\u0103r\u00e2rea Parlamentului Republicii Moldova de apostilare a diplomelor pentru studen\u021bii din Transnistria. Asta de acum e b\u0103tut\u0103 \u00een cuie. Doi \u2013 s-a redus esen\u021bial plata pentru chirie pentru \u0219colile moldovene\u0219ti cu predare \u00een grafia latin\u0103, s-a anulat plata, este una simbolic\u0103. Trei \u2013 mai pu\u021bine cazuri, sunt, dar totu\u0219i mult mai pu\u021bine cazuri sunt c\u00e2nd li se creeaz\u0103 obstacole \u00een circula\u021bie. De obicei nu era zi \u00een care autocarele cu elevi de la Grigoriopol spre Doro\u021bcaia s\u0103 nu fie de dou\u0103-trei ori oprite \u0219i perchezi\u021bionate. Asta s-a realizat. \u0218i este \u00eenc\u0103 un moment: chipurile c\u0103 este o hot\u0103r\u00e2re a administra\u021biei de la Tiraspol prin care se reevalueaz\u0103 decizia din anul 2014 pentru fermieri.\u201d<\/p>\n<p><strong>Europa Liber\u0103: C\u00e2nd li se spune fermierilor c\u0103 vor avea acces necondi\u021bionat la terenurile lor, Dvs. \u00een\u021belege\u021bi c\u0103 cei care au avut \u00een st\u0103p\u00e2nirea lor p\u0103m\u00e2nturile vor merge s\u0103 \u00eens\u0103m\u00e2n\u021beze, s\u0103 a\u0219tepte s\u0103 creasc\u0103 recolta acolo, nu vor mai fi \u00eempiedica\u021bi de c\u0103tre nimeni, pentru c\u0103 e \u00eencurcat\u0103 situa\u021bia \u2013 o parte din acele p\u0103m\u00e2nturi erau luate \u00een arend\u0103 de c\u0103tre al\u021bi agen\u021bi economici?<\/strong><\/p>\n<p><strong>Ion Leahu:<\/strong> \u201eAnume de at\u00e2ta \u0219i am vorbit cu jum\u0103tate de gur\u0103, c\u0103 nu-mi vine a crede c\u0103 s\u0103 fie problema rezolvat\u0103. Pornim de la faptul c\u0103 hot\u0103r\u00e2rile Tiraspolului intr\u0103 \u00een vigoare din august curent. Adic\u0103, practic anul curent agricol este pierdut.\u201d<\/p>\n<p><strong>Europa Liber\u0103: De ce s-a ales aceast\u0103 dat\u0103?<\/strong><\/p>\n<p><strong>Ion Leahu:<\/strong> \u201eDe ce s-a ales? Eu am mari dubii c\u0103 s-a decis pentru august ca persoanele care se folosesc abuziv, ilegal de aceste terenuri s\u0103 reu\u0219easc\u0103 s\u0103 colecteze roada. Precis c\u0103 o parte din terenuri sunt \u00eens\u0103m\u00e2n\u021bate, prelucrate de altcineva. Asta doi. Trei \u2013 pot s\u0103 mai apar\u0103 alte momente, care le vor permite lor s\u0103 revad\u0103, s\u0103 reexamineze aceast\u0103 decizie, doar Dvs. a\u021bi men\u021bionat c\u0103 numai o parte din persoane fizice, proprietari intr\u0103 \u00een rela\u021bii cu transnistrenii, primesc autoriza\u021bia lor. \u00cen rest, marea majoritate \u0219i-au cedat drepturile lor liderilor, dar transnistrenii care \u00een primul r\u00e2nd c\u0103 nu au lege despre proprietate privat\u0103 asupra p\u0103m\u00e2ntului, \u00een al doilea r\u00e2nd, ei nu lucreaz\u0103, chipurile, cu intermediari, lucreaz\u0103 numai direct cu proprietarii terenurilor.<\/p>\n<p>Deci, ei preg\u0103tesc probabil c\u0103 alte \u0219mecherii, alte impedimente ca persoanele s\u0103 se hot\u0103rasc\u0103 \u2013 ori fragmenteaz\u0103 din nou teritoriile, sustrag de la lideri procurile \u0219i fiecare dintre ei aparte se \u00eenregistreaz\u0103. \u0218i atunci ei primesc o posibilitate de a submina practic acest segment agricol al Republicii Moldova.\u201d<\/p>\n<p>Interviul complet la\u00a0<a href=\"https:\/\/www.europalibera.org\/a\/29189503.html\">https:\/\/www.europalibera.org\/<\/a><\/p>\n<\/div>\n<\/div>\n","protected":false},"excerpt":{"rendered":"<p>Valentina Ursu Un interviu cu expertul fost membru al Comisiei Unificate de control \u00een ajunul anun\u021batei \u00eent\u00eelniri dintre pre\u0219edintele Igor Dodon \u0219i liderul separatist Vadim Krasnoselski. Pre\u0219edintele Igor Dodon are programat\u0103 o \u00eentrevedere cu liderul separatist de la Tiraspol, Vadim Krasnoselski. Cei doi ar urma s\u0103 se \u00eent\u00e2lneasc\u0103 pe 25 aprilie, dar locul nu a&#8230;<\/p>\n","protected":false},"author":2,"featured_media":0,"comment_status":"closed","ping_status":"open","sticky":false,"template":"","format":"standard","meta":[],"categories":[1],"tags":[],"_links":{"self":[{"href":"https:\/\/centers.ulbsibiu.ro\/ccsprise\/lact\/wp-json\/wp\/v2\/posts\/4675"}],"collection":[{"href":"https:\/\/centers.ulbsibiu.ro\/ccsprise\/lact\/wp-json\/wp\/v2\/posts"}],"about":[{"href":"https:\/\/centers.ulbsibiu.ro\/ccsprise\/lact\/wp-json\/wp\/v2\/types\/post"}],"author":[{"embeddable":true,"href":"https:\/\/centers.ulbsibiu.ro\/ccsprise\/lact\/wp-json\/wp\/v2\/users\/2"}],"replies":[{"embeddable":true,"href":"https:\/\/centers.ulbsibiu.ro\/ccsprise\/lact\/wp-json\/wp\/v2\/comments?post=4675"}],"version-history":[{"count":1,"href":"https:\/\/centers.ulbsibiu.ro\/ccsprise\/lact\/wp-json\/wp\/v2\/posts\/4675\/revisions"}],"predecessor-version":[{"id":4676,"href":"https:\/\/centers.ulbsibiu.ro\/ccsprise\/lact\/wp-json\/wp\/v2\/posts\/4675\/revisions\/4676"}],"wp:attachment":[{"href":"https:\/\/centers.ulbsibiu.ro\/ccsprise\/lact\/wp-json\/wp\/v2\/media?parent=4675"}],"wp:term":[{"taxonomy":"category","embeddable":true,"href":"https:\/\/centers.ulbsibiu.ro\/ccsprise\/lact\/wp-json\/wp\/v2\/categories?post=4675"},{"taxonomy":"post_tag","embeddable":true,"href":"https:\/\/centers.ulbsibiu.ro\/ccsprise\/lact\/wp-json\/wp\/v2\/tags?post=4675"}],"curies":[{"name":"wp","href":"https:\/\/api.w.org\/{rel}","templated":true}]}}