{"id":4673,"date":"2018-04-24T17:03:28","date_gmt":"2018-04-24T15:03:28","guid":{"rendered":"https:\/\/centers.ulbsibiu.ro\/ccsprise\/lact\/?p=4673"},"modified":"2018-04-24T17:03:28","modified_gmt":"2018-04-24T15:03:28","slug":"infotag-md-consiliul-de-securitate-al-transnistriei-a-discutat-masurile-de-contracarare-a-provocarilor-in-adresa-intereselor-de-stat","status":"publish","type":"post","link":"https:\/\/centers.ulbsibiu.ro\/ccsprise\/lact\/infotag-md-consiliul-de-securitate-al-transnistriei-a-discutat-masurile-de-contracarare-a-provocarilor-in-adresa-intereselor-de-stat\/","title":{"rendered":"Infotag.md &#8211; CONSILIUL DE SECURITATE AL TRANSNISTRIEI A DISCUTAT \u201eM\u0102SURILE DE CONTRACARARE A PROVOC\u0102RILOR \u00ceN ADRESA INTERESELOR DE STAT\u201d"},"content":{"rendered":"<p>Consiliul de securitate al autoproclamatei RMN a discutat luni \u201esitua\u021bia privind organizarea controlului comun moldo-ucrainean la frontiera transnistreano-ucrainean\u0103\u201d \u0219i a trasat \u201em\u0103surile menite s\u0103 contracareze provoc\u0103rile existente \u00een adresa intereselor de stat ale Transnistriei\u201d.<\/p>\n<p>Potrivit agen\u0163iei INFOTAG cu referire la site-ul liderului de la Tiraspol, Vadim Krasnoselski, el a calificat m\u0103surile luate de Chi\u0219in\u0103u \u0219i Kiev drept o blocad\u0103 \u0219i a solicitat membrilor Consiliului de securitate s\u0103 se axeze pe \u201econsolidarea eforturilor pentru elaborarea unor m\u0103suri de r\u0103spuns\u201d.<\/p>\n<p>\u00cen cadrul \u015fedin\u0163ei, ministrul transnistrean de externe, Vitalii Ignatiev, a amintit c\u0103 prima faz\u0103 a controlului moldo-ucrainean la punctul de trecere Cuciurgan a \u00eenceput \u00een vara anului 2017, prin care se declara dreptul ca reprezentan\u0163ii Serviciului Vamal al Moldovei s\u0103 efectueze controlul asupra exporturilor din Transnistria.<\/p>\n<p>\u00cen acela\u0219i timp, el a recunoscut c\u0103 \u201ep\u00e2n\u0103 \u00een prezent, nu a fost \u00eenregistrat\u0103 de facto nicio situa\u021bie legat\u0103 de controlul exporturilor din Transnistria la acest punct de trecere a frontierei\u201d.<\/p>\n<p>\u201e\u00cens\u0103 \u00eencep\u00e2nd cu data de 18 aprilie curent, Serviciul Vamal al Moldovei a \u00eenceput s\u0103 controleze v\u0103muirii opera\u021biunilor de import-export prin punctul de trecere Cuciurgan \u00een cadrul a\u0219a-numitului regim de testare \u201eFaza 1+\u201d, a remarcat el.<\/p>\n<p>Potrivit lui, printre riscurile unei astfel de decizii se num\u0103r\u0103 \u201erestric\u021bionarea importului de bunuri supuse controlului veterinar \u0219i fitosanitar \u00een leg\u0103tur\u0103 cu lipsa unui mecanism de perfectare a acestei categorii; problemele legate de furnizarea medicamentelor (\u00een primul r\u00e2nd, trebuie ob\u021binut\u0103 o licen\u021b\u0103 moldoveneasc\u0103, \u00een al doilea r\u00e2nd, nomenclatorul medicamentelor autorizate spre v\u00e2nzare \u00een Transnistria \u0219i Moldova este foarte diferit); cre\u0219terea cheltuielilor financiare \u0219i de timp legate de tripla v\u0103muire\u201d.<\/p>\n<p>\u201eCu probleme se confrunt\u0103 at\u00e2t exportatorii, c\u00e2t \u0219i importatorii: num\u0103rul actelor permisive va cre\u0219te semnificativ. \u00cen plus, republicile au diferite criterii la importul mijloace de transport. \u00centr-o situa\u021bie dificil\u0103 sunt \u015fi antreprenorii individuali: cei 11 mii de de\u021bin\u0103tori de patente transnistrene care particip\u0103 \u00een activit\u0103\u021bi economice externe vor trebui \u00een iulie fie s\u0103 se \u00eenregistreze \u00een Moldova, fie s\u0103 \u00ee\u0219i suspende activitatea\u201d, a spus ministrul.<\/p>\n<p>Viceministrul dezvolt\u0103rii economice, Alevtina Slincenko, a spus c\u0103 pierderile sunt estimate la $40 mil.<\/p>\n<p>MAE al Transnistriei a expediat deja un apel oficial tuturor participan\u021bilor la formatul \u201e5+2\u201d cu informa\u021bii despre situa\u021bia actual\u0103 \u0219i despre inadmisibilitatea cre\u0103rii de bariere restrictive. S-a propus organizarea ne\u00eent\u00e2rziat\u0103 a unei \u00eent\u00e2lniri a reprezentan\u021bilor politici la care s\u0103 fie discutate aspecte legate de controlul vamal comun.<\/p>\n<p>Sursa:\u00a0<a href=\"http:\/\/www.infotag.md\/rebelion-ro\/262438\/\">http:\/\/www.infotag.md\/<\/a><\/p>\n","protected":false},"excerpt":{"rendered":"<p>Consiliul de securitate al autoproclamatei RMN a discutat luni \u201esitua\u021bia privind organizarea controlului comun moldo-ucrainean la frontiera transnistreano-ucrainean\u0103\u201d \u0219i a trasat \u201em\u0103surile menite s\u0103 contracareze provoc\u0103rile existente \u00een adresa intereselor de stat ale Transnistriei\u201d. Potrivit agen\u0163iei INFOTAG cu referire la site-ul liderului de la Tiraspol, Vadim Krasnoselski, el a calificat m\u0103surile luate de Chi\u0219in\u0103u \u0219i&#8230;<\/p>\n","protected":false},"author":2,"featured_media":0,"comment_status":"closed","ping_status":"open","sticky":false,"template":"","format":"standard","meta":[],"categories":[1],"tags":[],"_links":{"self":[{"href":"https:\/\/centers.ulbsibiu.ro\/ccsprise\/lact\/wp-json\/wp\/v2\/posts\/4673"}],"collection":[{"href":"https:\/\/centers.ulbsibiu.ro\/ccsprise\/lact\/wp-json\/wp\/v2\/posts"}],"about":[{"href":"https:\/\/centers.ulbsibiu.ro\/ccsprise\/lact\/wp-json\/wp\/v2\/types\/post"}],"author":[{"embeddable":true,"href":"https:\/\/centers.ulbsibiu.ro\/ccsprise\/lact\/wp-json\/wp\/v2\/users\/2"}],"replies":[{"embeddable":true,"href":"https:\/\/centers.ulbsibiu.ro\/ccsprise\/lact\/wp-json\/wp\/v2\/comments?post=4673"}],"version-history":[{"count":1,"href":"https:\/\/centers.ulbsibiu.ro\/ccsprise\/lact\/wp-json\/wp\/v2\/posts\/4673\/revisions"}],"predecessor-version":[{"id":4674,"href":"https:\/\/centers.ulbsibiu.ro\/ccsprise\/lact\/wp-json\/wp\/v2\/posts\/4673\/revisions\/4674"}],"wp:attachment":[{"href":"https:\/\/centers.ulbsibiu.ro\/ccsprise\/lact\/wp-json\/wp\/v2\/media?parent=4673"}],"wp:term":[{"taxonomy":"category","embeddable":true,"href":"https:\/\/centers.ulbsibiu.ro\/ccsprise\/lact\/wp-json\/wp\/v2\/categories?post=4673"},{"taxonomy":"post_tag","embeddable":true,"href":"https:\/\/centers.ulbsibiu.ro\/ccsprise\/lact\/wp-json\/wp\/v2\/tags?post=4673"}],"curies":[{"name":"wp","href":"https:\/\/api.w.org\/{rel}","templated":true}]}}