{"id":4671,"date":"2018-04-24T17:00:51","date_gmt":"2018-04-24T15:00:51","guid":{"rendered":"https:\/\/centers.ulbsibiu.ro\/ccsprise\/lact\/?p=4671"},"modified":"2018-04-24T17:00:51","modified_gmt":"2018-04-24T15:00:51","slug":"publika-md-uniunea-europeana-saluta-decizia-care-prevede-ca-masinile-din-regiunea-transnistreana-sa-poata-circula-in-traficul-international","status":"publish","type":"post","link":"https:\/\/centers.ulbsibiu.ro\/ccsprise\/lact\/publika-md-uniunea-europeana-saluta-decizia-care-prevede-ca-masinile-din-regiunea-transnistreana-sa-poata-circula-in-traficul-international\/","title":{"rendered":"Publika.md &#8211; Uniunea European\u0103 salut\u0103 decizia care prevede ca ma\u0219inile din regiunea transnistrean\u0103 s\u0103 poat\u0103 circula \u00een traficul interna\u0163ional"},"content":{"rendered":"<p><b>Decizia protocolar\u0103 cu privire la \u00eenregistrarea ma\u0219inilor, semnat\u0103 ast\u0103zi de Chi\u0219in\u0103u \u0219i Tiraspol, reprezint\u0103 o avansare important\u0103 \u0219i contribuie la dinamica pozitiv\u0103 \u00een cadrul procesului de reglementare transnistrean\u0103.<\/b><span style=\"display: inline !important; float: none; background-color: #ffffff; color: #000000; font-family: 'Oswald',Helvetica,Arial,sans-serif; font-size: 16px; font-size-adjust: none; font-stretch: normal; font-style: normal; font-variant: normal; font-weight: 400; letter-spacing: normal; line-height: 19.2px; orphans: 2; text-align: left; text-decoration: none; text-indent: 0px; text-transform: none; -webkit-text-stroke-width: 0px; white-space: normal; word-spacing: 0px;\"> Astfel a comentat purt\u0103torul de cuv\u00e2nt al Consiliului UE pentru Afaceri Externe \u0219i Securitate Maja Kocijancic acordul semnat ast\u0103zi \u00eentre Chi\u0219in\u0103u \u0219i Tiraspol.<\/span><\/p>\n<p><span style=\"display: inline !important; float: none; background-color: #ffffff; color: #000000; font-family: 'Oswald',Helvetica,Arial,sans-serif; font-size: 16px; font-size-adjust: none; font-stretch: normal; font-style: normal; font-variant: normal; font-weight: 400; letter-spacing: normal; line-height: 19.2px; orphans: 2; text-align: left; text-decoration: none; text-indent: 0px; text-transform: none; -webkit-text-stroke-width: 0px; white-space: normal; word-spacing: 0px;\">&#8220;Acest acord va permite vehiculelor din regiunea transnistrean\u0103 s\u0103 participe la traficul interna\u021bional, \u00een conformitate cu normele interna\u021bionale \u0219i, astfel, va aduce beneficii palpabile popula\u021biei, apropiind cele dou\u0103 maluri. Acum devine crucial ca implementarea rapid\u0103 \u0219i riguroas\u0103 a acestui acord, precum \u0219i a tuturor acordurilor atinse anul trecut s\u0103 fie asigurat\u0103 de ambele P\u0103r\u021bi&#8221;, se arat\u0103 \u00een comunicatul semnat de Kocijancic.<\/span><\/p>\n<p><strong>Aceasta a mai precizat c\u0103 Uniunea European\u0103 \u00ee\u0219i reitereaz\u0103 sus\u021binerea continu\u0103 pentru solu\u021bionarea pa\u0219nic\u0103 a conflictului transnistrean \u00een cadrul Procesului 5+2.<\/strong><\/p>\n<p><span style=\"display: inline !important; float: none; background-color: #ffffff; color: #000000; font-family: 'Oswald',Helvetica,Arial,sans-serif; font-size: 16px; font-size-adjust: none; font-stretch: normal; font-style: normal; font-variant: normal; font-weight: 400; letter-spacing: normal; line-height: 19.2px; orphans: 2; text-align: left; text-decoration: none; text-indent: 0px; text-transform: none; -webkit-text-stroke-width: 0px; white-space: normal; word-spacing: 0px;\">Amintim c\u0103, potrivit, \u00een\u021belegerii dintre Chi\u0219in\u0103u \u0219i Tiraspol, proprietarii ma\u0219inilor \u00eenmatriculate \u00een regiunea transnistrean\u0103 vor primi pl\u0103cu\u021be neutre \u0219i vor fi admi\u0219i \u00een traficul interna\u021bional \u00eencep\u00e2nd cu 1 septembrie 2018.<\/span><\/p>\n<p><span style=\"display: inline !important; float: none; background-color: #ffffff; color: #000000; font-family: 'Oswald',Helvetica,Arial,sans-serif; font-size: 16px; font-size-adjust: none; font-stretch: normal; font-style: normal; font-variant: normal; font-weight: 400; letter-spacing: normal; line-height: 19.2px; orphans: 2; text-align: left; text-decoration: none; text-indent: 0px; text-transform: none; -webkit-text-stroke-width: 0px; white-space: normal; word-spacing: 0px;\">Potrivit unui comunicat de pres\u0103 al Executivului, noile pl\u0103cu\u021be auto neutre vor avea numere de \u00eenmatriculare formate din trei litere \u0219i trei cifre, \u0219i un pa\u0219aport tehnic conform cerin\u021belor Conven\u021biei de la Viena privind circula\u021bia interna\u021bional\u0103. Decizia vizeaz\u0103 doar persoanele fizice.<\/span><\/p>\n<p>Cite\u0219te mai mult: <a href=\"https:\/\/www.publika.md\/uniunea-europeana-saluta-decizia-care-prevede-ca-masinile-din-regiunea-transnistreana-sa-poata-circula-in-traficul-international_3003684.html#ixzz5DbP9win3\">https:\/\/www.publika.md\/uniunea-europeana-saluta-decizia-care-prevede-ca-masinile-din-regiunea-transnistreana-sa-poata-circula-in-traficul-international_3003684.html#ixzz5DbP9win3<\/a><\/p>\n","protected":false},"excerpt":{"rendered":"<p>Decizia protocolar\u0103 cu privire la \u00eenregistrarea ma\u0219inilor, semnat\u0103 ast\u0103zi de Chi\u0219in\u0103u \u0219i Tiraspol, reprezint\u0103 o avansare important\u0103 \u0219i contribuie la dinamica pozitiv\u0103 \u00een cadrul procesului de reglementare transnistrean\u0103. Astfel a comentat purt\u0103torul de cuv\u00e2nt al Consiliului UE pentru Afaceri Externe \u0219i Securitate Maja Kocijancic acordul semnat ast\u0103zi \u00eentre Chi\u0219in\u0103u \u0219i Tiraspol. &#8220;Acest acord va permite&#8230;<\/p>\n","protected":false},"author":2,"featured_media":0,"comment_status":"closed","ping_status":"open","sticky":false,"template":"","format":"standard","meta":[],"categories":[1],"tags":[],"_links":{"self":[{"href":"https:\/\/centers.ulbsibiu.ro\/ccsprise\/lact\/wp-json\/wp\/v2\/posts\/4671"}],"collection":[{"href":"https:\/\/centers.ulbsibiu.ro\/ccsprise\/lact\/wp-json\/wp\/v2\/posts"}],"about":[{"href":"https:\/\/centers.ulbsibiu.ro\/ccsprise\/lact\/wp-json\/wp\/v2\/types\/post"}],"author":[{"embeddable":true,"href":"https:\/\/centers.ulbsibiu.ro\/ccsprise\/lact\/wp-json\/wp\/v2\/users\/2"}],"replies":[{"embeddable":true,"href":"https:\/\/centers.ulbsibiu.ro\/ccsprise\/lact\/wp-json\/wp\/v2\/comments?post=4671"}],"version-history":[{"count":1,"href":"https:\/\/centers.ulbsibiu.ro\/ccsprise\/lact\/wp-json\/wp\/v2\/posts\/4671\/revisions"}],"predecessor-version":[{"id":4672,"href":"https:\/\/centers.ulbsibiu.ro\/ccsprise\/lact\/wp-json\/wp\/v2\/posts\/4671\/revisions\/4672"}],"wp:attachment":[{"href":"https:\/\/centers.ulbsibiu.ro\/ccsprise\/lact\/wp-json\/wp\/v2\/media?parent=4671"}],"wp:term":[{"taxonomy":"category","embeddable":true,"href":"https:\/\/centers.ulbsibiu.ro\/ccsprise\/lact\/wp-json\/wp\/v2\/categories?post=4671"},{"taxonomy":"post_tag","embeddable":true,"href":"https:\/\/centers.ulbsibiu.ro\/ccsprise\/lact\/wp-json\/wp\/v2\/tags?post=4671"}],"curies":[{"name":"wp","href":"https:\/\/api.w.org\/{rel}","templated":true}]}}