{"id":4669,"date":"2018-04-24T16:59:25","date_gmt":"2018-04-24T14:59:25","guid":{"rendered":"https:\/\/centers.ulbsibiu.ro\/ccsprise\/lact\/?p=4669"},"modified":"2018-04-24T16:59:25","modified_gmt":"2018-04-24T14:59:25","slug":"gov-md-autovehiculele-din-regiunea-transnistreana-vor-primi-placute-neutre-si-vor-fi-admise-in-traficul-international-incepand-cu-1-septembrie-2018","status":"publish","type":"post","link":"https:\/\/centers.ulbsibiu.ro\/ccsprise\/lact\/gov-md-autovehiculele-din-regiunea-transnistreana-vor-primi-placute-neutre-si-vor-fi-admise-in-traficul-international-incepand-cu-1-septembrie-2018\/","title":{"rendered":"Gov.md &#8211; Autovehiculele din regiunea transnistrean\u0103 vor primi pl\u0103cu\u021be neutre \u0219i vor fi admise \u00een traficul interna\u021bional \u00eencep\u00e2nd cu 1 septembrie 2018"},"content":{"rendered":"<p>Ast\u0103zi 24 aprilie curent, reprezentan\u021bii politici din partea Chi\u0219in\u0103ului \u0219i Tiraspolului, Cristina Lesnic \u0219i Vitalii Ignatiev, au semnat la Tighina\/Bender, decizia protocolar\u0103 cu privire la participarea \u00een traficul rutier interna\u021bional a autovehiculelor din regiunea transnistrean\u0103 care nu desf\u0103\u0219oar\u0103 activit\u0103\u021bi comerciale.<\/p>\n<p>Aceste autovehicule vor avea pl\u0103cu\u021be auto neutre (din trei litere \u0219i\u00a0 trei cifre) \u0219i un pa\u0219aport tehnic agreat de c\u0103tre ambele p\u0103r\u021bi, cu respectarea cerin\u021belor Conven\u021biei de la Viena din 8 noiembrie 1968 privind circula\u021bia interna\u021bional\u0103.<\/p>\n<p>Re\u00eenregistrarea autovehiculelor transnistrene se va face \u00een dou\u0103 oficii din ora\u0219ele Tiraspol \u0219i R\u00e2bni\u021ba, \u00een care vor activa \u0219i func\u021bionari ai autorit\u0103\u021bilor constitu\u021bionale ale Republicii Moldova. Fiecare parte (Chi\u0219in\u0103ul \u0219i Tiraspolul) va avea baze de date separate cu privire la aceste vehicule, iar cererile de re\u00eenregistrare se vor putea depune \u00een rom\u00e2n\u0103 sau rus\u0103. Locuitorii din regiunea transnistrean\u0103 care vor decide s\u0103-\u0219i p\u0103streze numerele auto transnistrene vor putea c\u0103l\u0103tori cu autovehiculele respective doar pe teritoriul Republicii Moldova. Un autovehicul nu va putea avea concomitent un num\u0103r neutru \u0219i un num\u0103r transnistrean.<\/p>\n<p>Aplicarea deciziei privind participarea \u00een traficul interna\u021bional a autovehiculelor din regiunea transnistrean\u0103 este planificat\u0103 \u00eencep\u00e2nd cu 1 septembrie 2018. \u00cen cazul \u00eenc\u0103lc\u0103rilor sistematice, p\u0103r\u021bile semnatare \u0219i-au rezervat dreptul de a suspenda mecanismul de \u00eenregistrare a autovehiculelor.<\/p>\n<p>Men\u021bion\u0103m c\u0103 implementarea acestui mecanism reprezint\u0103 un angajament luat \u00een urma reuniunii \u00een formatul 5+2 de la Viena din 27-28 noiembrie 2017. Elaborarea deciziei a fost precedat\u0103 de 20 de \u0219edin\u021be de lucru \u00eentre Chi\u0219in\u0103u \u0219i Tiraspol \u00eencep\u00e2nd cu 1 ianuarie curent, iar semnarea deciziei reprezint\u0103 inclusiv un angajament al Pre\u0219edin\u021biei italiene a OSCE pentru anul 2018. Misiunea OSCE \u00een Republica Moldova \u0219i-a ar\u0103tat disponibilitatea de a acorda asisten\u021b\u0103 pentru crearea celor dou\u0103 oficii care vor re\u00eenregistra autovehicule.<\/p>\n<p>Sursa:\u00a0<a href=\"http:\/\/gov.md\/ro\/content\/autovehiculele-din-regiunea-transnistreana-vor-primi-placute-neutre-si-vor-fi-admise\">http:\/\/gov.md\/<\/a><\/p>\n","protected":false},"excerpt":{"rendered":"<p>Ast\u0103zi 24 aprilie curent, reprezentan\u021bii politici din partea Chi\u0219in\u0103ului \u0219i Tiraspolului, Cristina Lesnic \u0219i Vitalii Ignatiev, au semnat la Tighina\/Bender, decizia protocolar\u0103 cu privire la participarea \u00een traficul rutier interna\u021bional a autovehiculelor din regiunea transnistrean\u0103 care nu desf\u0103\u0219oar\u0103 activit\u0103\u021bi comerciale. Aceste autovehicule vor avea pl\u0103cu\u021be auto neutre (din trei litere \u0219i\u00a0 trei cifre) \u0219i un&#8230;<\/p>\n","protected":false},"author":2,"featured_media":0,"comment_status":"closed","ping_status":"open","sticky":false,"template":"","format":"standard","meta":[],"categories":[1],"tags":[],"_links":{"self":[{"href":"https:\/\/centers.ulbsibiu.ro\/ccsprise\/lact\/wp-json\/wp\/v2\/posts\/4669"}],"collection":[{"href":"https:\/\/centers.ulbsibiu.ro\/ccsprise\/lact\/wp-json\/wp\/v2\/posts"}],"about":[{"href":"https:\/\/centers.ulbsibiu.ro\/ccsprise\/lact\/wp-json\/wp\/v2\/types\/post"}],"author":[{"embeddable":true,"href":"https:\/\/centers.ulbsibiu.ro\/ccsprise\/lact\/wp-json\/wp\/v2\/users\/2"}],"replies":[{"embeddable":true,"href":"https:\/\/centers.ulbsibiu.ro\/ccsprise\/lact\/wp-json\/wp\/v2\/comments?post=4669"}],"version-history":[{"count":1,"href":"https:\/\/centers.ulbsibiu.ro\/ccsprise\/lact\/wp-json\/wp\/v2\/posts\/4669\/revisions"}],"predecessor-version":[{"id":4670,"href":"https:\/\/centers.ulbsibiu.ro\/ccsprise\/lact\/wp-json\/wp\/v2\/posts\/4669\/revisions\/4670"}],"wp:attachment":[{"href":"https:\/\/centers.ulbsibiu.ro\/ccsprise\/lact\/wp-json\/wp\/v2\/media?parent=4669"}],"wp:term":[{"taxonomy":"category","embeddable":true,"href":"https:\/\/centers.ulbsibiu.ro\/ccsprise\/lact\/wp-json\/wp\/v2\/categories?post=4669"},{"taxonomy":"post_tag","embeddable":true,"href":"https:\/\/centers.ulbsibiu.ro\/ccsprise\/lact\/wp-json\/wp\/v2\/tags?post=4669"}],"curies":[{"name":"wp","href":"https:\/\/api.w.org\/{rel}","templated":true}]}}