{"id":4666,"date":"2018-04-24T16:56:18","date_gmt":"2018-04-24T14:56:18","guid":{"rendered":"https:\/\/centers.ulbsibiu.ro\/ccsprise\/lact\/?p=4666"},"modified":"2018-04-24T16:56:18","modified_gmt":"2018-04-24T14:56:18","slug":"gov-md-progrese-pe-dimensiunea-transnistreana-masinile-din-regiune-vor-primi-placute-neutre-iar-fermierii-vor-avea-acces-la-terenurile-agricole","status":"publish","type":"post","link":"https:\/\/centers.ulbsibiu.ro\/ccsprise\/lact\/gov-md-progrese-pe-dimensiunea-transnistreana-masinile-din-regiune-vor-primi-placute-neutre-iar-fermierii-vor-avea-acces-la-terenurile-agricole\/","title":{"rendered":"Gov.md &#8211; Progrese pe dimensiunea transnistrean\u0103: Ma\u0219inile din regiune vor primi pl\u0103cu\u021be neutre, iar fermierii vor avea acces la terenurile agricole"},"content":{"rendered":"<p>Posesorii de ma\u0219ini din regiunea transnistrean\u0103 vor primi pl\u0103cu\u021be neutre \u0219i vor fi admi\u0219i \u00een traficul interna\u021bional \u00eencep\u00e2nd cu 1 septembrie 2018, potrivit unei decizii semnate ast\u0103zi de c\u0103tre reprezentan\u021bii Chi\u0219in\u0103ului \u0219i Tiraspolului, la Bender.<\/p>\n<p>Mijloacele de transport vor avea pl\u0103cu\u021be auto neutre, cu numere de \u00eenmatriculare format din trei litere \u0219i trei cifre, \u0219i un pa\u0219aport tehnic conform cerin\u021belor Conven\u021biei de la Viena privind circula\u021bia interna\u021bional\u0103. Decizia vizeaz\u0103 doar persoanele fizice.<\/p>\n<p>Re\u00eenregistrarea autovehiculelor transnistrene se va face la cerere, \u00een dou\u0103 oficii din ora\u0219ele Tiraspol \u0219i R\u00e2bni\u021ba, care vor fi create cu asisten\u021ba Misiunii OSCE \u00een Republica Moldova. Un autovehicul nu va putea avea \u00een acela\u0219i timp un num\u0103r neutru \u0219i un num\u0103r transnistrean. Locuitorii din st\u00e2nga Nistrului care vor decide s\u0103-\u0219i p\u0103streze num\u0103rul transnistrean vor putea c\u0103l\u0103tori cu mijloacele de transport respective doar pe teritoriul Republicii Moldova.<\/p>\n<p>De asemenea, urmare a negocierilor purtate de c\u0103tre p\u0103r\u021bi, a fost restabilit accesul agricultorilor din raionul Dub\u0103sari la terenurile care le apar\u021bin, situate dup\u0103 traseul Tiraspol<strong>&#8211;<\/strong>R\u00e2bni\u0163a.<\/p>\n<p>Accesul necondi\u021bionat al proprietarilor terenurilor agricole a fost ob\u021binut pe un termen de 20 de ani, cu eliberarea, \u00een perioada imediat urm\u0103toare, a certificatelor necesare pentru prelucrarea terenurilor \u0219i \u00eenceperea utiliz\u0103rii acestora din 1 august 2018.<\/p>\n<p>Din anul 2014, proprietarii nu au mai avut acces la terenurile lor, iar p\u00e2n\u0103 atunci dreptul de utilizare era stabilit anual.<\/p>\n<p>Sursa:\u00a0<a href=\"http:\/\/gov.md\/ro\/content\/progrese-pe-dimensiunea-transnistreana-masinile-din-regiune-vor-primi-placute-neutre-iar\">http:\/\/gov.md\/<\/a><\/p>\n","protected":false},"excerpt":{"rendered":"<p>Posesorii de ma\u0219ini din regiunea transnistrean\u0103 vor primi pl\u0103cu\u021be neutre \u0219i vor fi admi\u0219i \u00een traficul interna\u021bional \u00eencep\u00e2nd cu 1 septembrie 2018, potrivit unei decizii semnate ast\u0103zi de c\u0103tre reprezentan\u021bii Chi\u0219in\u0103ului \u0219i Tiraspolului, la Bender. Mijloacele de transport vor avea pl\u0103cu\u021be auto neutre, cu numere de \u00eenmatriculare format din trei litere \u0219i trei cifre, \u0219i&#8230;<\/p>\n","protected":false},"author":2,"featured_media":0,"comment_status":"closed","ping_status":"open","sticky":false,"template":"","format":"standard","meta":[],"categories":[1],"tags":[],"_links":{"self":[{"href":"https:\/\/centers.ulbsibiu.ro\/ccsprise\/lact\/wp-json\/wp\/v2\/posts\/4666"}],"collection":[{"href":"https:\/\/centers.ulbsibiu.ro\/ccsprise\/lact\/wp-json\/wp\/v2\/posts"}],"about":[{"href":"https:\/\/centers.ulbsibiu.ro\/ccsprise\/lact\/wp-json\/wp\/v2\/types\/post"}],"author":[{"embeddable":true,"href":"https:\/\/centers.ulbsibiu.ro\/ccsprise\/lact\/wp-json\/wp\/v2\/users\/2"}],"replies":[{"embeddable":true,"href":"https:\/\/centers.ulbsibiu.ro\/ccsprise\/lact\/wp-json\/wp\/v2\/comments?post=4666"}],"version-history":[{"count":1,"href":"https:\/\/centers.ulbsibiu.ro\/ccsprise\/lact\/wp-json\/wp\/v2\/posts\/4666\/revisions"}],"predecessor-version":[{"id":4667,"href":"https:\/\/centers.ulbsibiu.ro\/ccsprise\/lact\/wp-json\/wp\/v2\/posts\/4666\/revisions\/4667"}],"wp:attachment":[{"href":"https:\/\/centers.ulbsibiu.ro\/ccsprise\/lact\/wp-json\/wp\/v2\/media?parent=4666"}],"wp:term":[{"taxonomy":"category","embeddable":true,"href":"https:\/\/centers.ulbsibiu.ro\/ccsprise\/lact\/wp-json\/wp\/v2\/categories?post=4666"},{"taxonomy":"post_tag","embeddable":true,"href":"https:\/\/centers.ulbsibiu.ro\/ccsprise\/lact\/wp-json\/wp\/v2\/tags?post=4666"}],"curies":[{"name":"wp","href":"https:\/\/api.w.org\/{rel}","templated":true}]}}