{"id":4664,"date":"2018-04-23T18:47:47","date_gmt":"2018-04-23T16:47:47","guid":{"rendered":"https:\/\/centers.ulbsibiu.ro\/ccsprise\/lact\/?p=4664"},"modified":"2018-04-23T18:47:47","modified_gmt":"2018-04-23T16:47:47","slug":"infoprut-ro-moscova-enervata-de-despagubirile-de-miliarde-pe-care-chisinaul-le-ar-putea-cere-in-problema-transnistreana","status":"publish","type":"post","link":"https:\/\/centers.ulbsibiu.ro\/ccsprise\/lact\/infoprut-ro-moscova-enervata-de-despagubirile-de-miliarde-pe-care-chisinaul-le-ar-putea-cere-in-problema-transnistreana\/","title":{"rendered":"Infoprut.ro &#8211; Moscova, enervat\u0103 de desp\u0103gubirile de miliarde pe care Chi\u0219in\u0103ul le-ar putea cere \u00een problema transnistrean\u0103"},"content":{"rendered":"<p>Liviu G. Stan<\/p>\n<p>Moscova calific\u0103 drept \u201eprovocare\u201d declara\u021bia pre\u0219edintelui Parlamentului de la Chi\u0219in\u0103u, Andrian Candu, privind posibilitatea de a cere desp\u0103gubiri Rusiei pentru sta\u021bionarea ilegal\u0103 a armatei sale pe teritoriul Republicii Moldova, \u00een st\u00e2nga Nistrului.<\/p>\n<p>Secretarul de stat al Ministerului rus de Externe, Grigori Karasin, a declarat c\u0103 autorit\u0103\u021bile de la Chi\u0219in\u0103u \u0219i Tiraspol ar trebui s\u0103 continue ac\u021biunile pozitive precum deciziile protocolare semnate la sf\u00e2r\u0219itul anului trecut, potrivit RIA Novosti, transmite <a href=\"https:\/\/10tv.md\/2018\/04\/23\/rusia-trebuie-ar-putea-achita-despagubiri-de-miliarde-republicii-moldova-motivul\/\">10TV<\/a>.<\/p>\n<p>\u00cen acela\u0219i timp, referindu-se la declara\u021biile lui Andrian Candu privind armata rus\u0103, Karasin face referire la <em>\u201epacificatorii\u201d<\/em> ru\u0219i din zona de securitate a regiunii separatiste transnistrene, preciz\u00e2nd c\u0103 nu au nimic \u00een comun cu militarii din Grupul Operativ al Trupelor Ruse (GOTR) \u0219i cu muni\u021biile ruse aflate \u00een st\u00e2nga Nistrului.<\/p>\n<p>Oficialul rus a ad\u0103ugat c\u0103 astfel de chestiuni\u00a0<em>\u201ese rezolv\u0103 nu de la tribune cu declara\u021bii tari, dar prin lucru bine g\u00e2ndit pentru a ob\u021bine rezultate\u00a0 \u00een reglementarea transnistrean\u0103 acceptate de ambele p\u0103r\u021bi\u201d.<\/em><\/p>\n<p>Andrian Candu a declarat \u00eentr-un interviu pentru publica\u021bia leton\u0103 Latvijas Avize c\u0103 trupele militare ruse aflate ilegal \u00een st\u00e2nga Nistrului sunt for\u021be de ocupa\u021bie \u0219i c\u0103 Rusia a \u00eenc\u0103lcat legisla\u021bia interna\u021bional\u0103.<\/p>\n<p>El a ar\u0103tat c\u0103 autorit\u0103\u021bile de la Chi\u0219in\u0103u se g\u00e2ndesc s\u0103 angajeze o companie interna\u021bional\u0103 de avocatur\u0103 pentru a calcula pierderile provocate de prezen\u021ba rus\u0103 \u00een regiunea transnistrean\u0103 timp de 25 de ani \u0219i care ar putea s\u0103 se ridice la miliarde de dolari.<\/p>\n<p>Sursa:\u00a0<a href=\"http:\/\/infoprut.ro\/49855-moscova-enervata-de-despagubirile-de-miliarde-pe-care-chisinaul-le-ar-putea-cere-problema-transnistreana.html\">http:\/\/infoprut.ro<\/a><\/p>\n","protected":false},"excerpt":{"rendered":"<p>Liviu G. Stan Moscova calific\u0103 drept \u201eprovocare\u201d declara\u021bia pre\u0219edintelui Parlamentului de la Chi\u0219in\u0103u, Andrian Candu, privind posibilitatea de a cere desp\u0103gubiri Rusiei pentru sta\u021bionarea ilegal\u0103 a armatei sale pe teritoriul Republicii Moldova, \u00een st\u00e2nga Nistrului. Secretarul de stat al Ministerului rus de Externe, Grigori Karasin, a declarat c\u0103 autorit\u0103\u021bile de la Chi\u0219in\u0103u \u0219i Tiraspol ar&#8230;<\/p>\n","protected":false},"author":2,"featured_media":0,"comment_status":"closed","ping_status":"open","sticky":false,"template":"","format":"standard","meta":[],"categories":[1],"tags":[],"_links":{"self":[{"href":"https:\/\/centers.ulbsibiu.ro\/ccsprise\/lact\/wp-json\/wp\/v2\/posts\/4664"}],"collection":[{"href":"https:\/\/centers.ulbsibiu.ro\/ccsprise\/lact\/wp-json\/wp\/v2\/posts"}],"about":[{"href":"https:\/\/centers.ulbsibiu.ro\/ccsprise\/lact\/wp-json\/wp\/v2\/types\/post"}],"author":[{"embeddable":true,"href":"https:\/\/centers.ulbsibiu.ro\/ccsprise\/lact\/wp-json\/wp\/v2\/users\/2"}],"replies":[{"embeddable":true,"href":"https:\/\/centers.ulbsibiu.ro\/ccsprise\/lact\/wp-json\/wp\/v2\/comments?post=4664"}],"version-history":[{"count":1,"href":"https:\/\/centers.ulbsibiu.ro\/ccsprise\/lact\/wp-json\/wp\/v2\/posts\/4664\/revisions"}],"predecessor-version":[{"id":4665,"href":"https:\/\/centers.ulbsibiu.ro\/ccsprise\/lact\/wp-json\/wp\/v2\/posts\/4664\/revisions\/4665"}],"wp:attachment":[{"href":"https:\/\/centers.ulbsibiu.ro\/ccsprise\/lact\/wp-json\/wp\/v2\/media?parent=4664"}],"wp:term":[{"taxonomy":"category","embeddable":true,"href":"https:\/\/centers.ulbsibiu.ro\/ccsprise\/lact\/wp-json\/wp\/v2\/categories?post=4664"},{"taxonomy":"post_tag","embeddable":true,"href":"https:\/\/centers.ulbsibiu.ro\/ccsprise\/lact\/wp-json\/wp\/v2\/tags?post=4664"}],"curies":[{"name":"wp","href":"https:\/\/api.w.org\/{rel}","templated":true}]}}