{"id":4660,"date":"2018-04-23T18:40:58","date_gmt":"2018-04-23T16:40:58","guid":{"rendered":"https:\/\/centers.ulbsibiu.ro\/ccsprise\/lact\/?p=4660"},"modified":"2018-04-23T18:40:58","modified_gmt":"2018-04-23T16:40:58","slug":"europalibera-org-fermierii-din-dubasari-au-rezerve-fata-de-solutia-gasita-de-guvernanti","status":"publish","type":"post","link":"https:\/\/centers.ulbsibiu.ro\/ccsprise\/lact\/europalibera-org-fermierii-din-dubasari-au-rezerve-fata-de-solutia-gasita-de-guvernanti\/","title":{"rendered":"Europalibera.org &#8211; Fermierii din Dub\u0103sari au rezerve fa\u0163\u0103 de solu\u0163ia g\u0103sit\u0103 de guvernan\u0163i"},"content":{"rendered":"<p><a class=\"links__item-link\" title=\"Alla Ceapai\" href=\"https:\/\/www.europalibera.org\/author\/91428.html\">Alla Ceapai<\/a><\/p>\n<div class=\"intro content-offset\">\n<p>Proprietarii de terenuri nu cred c\u0103 problema ar fi fost solu\u021bionat\u0103 pe 20 de ani, a\u0219a cum sus\u021bine guvernul.<\/p>\n<\/div>\n<div id=\"article-content\" class=\"content-floated-wrap\">\n<div class=\"wsw\">\n<p><em>Guvernul de la Chi\u0219in\u0103u a anun\u021bat c\u0103 \u201ea solu\u021bionat\u201d pe 20 de ani problema accesului fermierilor moldoveni din st\u00e2nga Nistrului la terenurile lor de dup\u0103 \u0219oseaua Dub\u0103sari &#8211; Tiraspol. Satele Cocieri, Co\u0219ni\u021ba, Doro\u021bcaia, Molovata Nou\u0103 \u0219i P\u00e2r\u00e2ta se afl\u0103 \u00eentre Nistru \u0219i \u0219osea, iar p\u0103m\u00e2nturile locuitorilor &#8211; dincolo de \u0219osea. \u0218oseaua este controlat\u0103 de autorit\u0103\u021bile transnistrene, satele \u2013 au r\u0103mas sub administra\u021bia Chi\u0219in\u0103ului. Dup\u0103 r\u0103zboiul din 1992, accesul proprietarilor la terenuri a fost problematic. Dar de acum guvernul spune c\u0103 va fi necondi\u021bionat timp de dou\u0103 decenii.<\/em><\/p>\n<p>Fermierilor li s-a promis accesul la terenuri \u00eenc\u0103 \u00een noiembrie anul trecut c\u00e2nd Chi\u0219in\u0103ul \u015fi Tiraspolul au semnat cinci protocoale, unul dintre care viza terenurile. Atunci se spunea c\u0103 \u00een maxim dou\u0103 luni fermierii vor redob\u00e2ndi pe un termen de cinci ani accesul nestingherit p\u0103m\u00e2nturile care apar\u021bin proprietarilor din raionul Dub\u0103sari. Partea transnistrean\u0103 a cerut \u00eens\u0103 o am\u00e2nare p\u00e2n\u0103 \u00een toamna acestui an, pentru a permite str\u00e2ngerea recoltei celor care au prelucrat acele terenuri \u00eencep\u00e2nd din 2014 de c\u00e2nd a fost restric\u021bionat accesul proprietarilor la loturile lor. Compromisul la care s-a ajuns acum \u00een urma negocierilor e c\u0103 fermierii vor putea prelucra terenurile abia de la 1 august, dat\u0103 cerut\u0103 de Tiraspolul, care la r\u00e2ndul s\u0103u a acceptat o extindere a termenului de garan\u0163ie de la 5 la 20 de ani, ne-a explicat <strong>Viorel Cern\u0103u\u0163eanu<\/strong>, consultant principal al Biroului Politici de Reintegrare:<\/p>\n<p>\u201eNoi nu facem o favoarea p\u0103r\u021bii transnistrene. Ar fi eronat s\u0103 zice a\u0219a. Pur \u0219i simplu intr\u0103m \u00een situa\u021bia persoanelor \u015fi agen\u021bilor economici care au avut careva cheltuieli tot acolo. O parte dintre agen\u021bii economici sunt cet\u0103\u021beni de-ai no\u0219tri chiar din municipiul Chi\u0219in\u0103u care utilizeaz\u0103 acum terenurile respective. S\u0103 nu crede\u021bi c\u0103 este vorba de compromisuri de alt gen. Pur \u015fi simplu noi am mers \u00een \u00eent\u00e2mpinare, le permitem s\u0103 str\u00e2ng\u0103 roada, ei ne-au mers \u00een \u00eent\u00e2mpinare. Noi de fapt am cerut pe o perioada \u015fi mai mare, dar deja compromisul atins a fost de 20 de ani.\u201d<\/p>\n<p>Viorel Cern\u0103\u021beanu ne-a mai spus c\u0103 fermieri care \u00ee\u015fi vor restitui terenurile vor ob\u021bine compensa\u021bii \u00een acest an, m\u0103rimea c\u0103rora deocamdat\u0103 nu a fost stabilit\u0103, dar cel mai probabil va fi apropiat\u0103 de cea a compensa\u021biilor din 2017 &#8211; de 1200 de lei per hectar care \u00eenc\u0103 urmeaz\u0103 a fi achitate.<\/p>\n<p>Reprezentan\u021bii Biroului Politici de Reintegrare au comunicat azi compromisul la care s-a ajuns administra\u021biilor publice locale din localit\u0103\u021bile Cocieri, Co\u0219ni\u021ba, Doro\u021bcaia, Molovata Nou\u0103, P\u00e2r\u00e2ta \u015fi nemijlocit agen\u021bilor economici din raionul Dub\u0103sari. Vestea pare s\u0103 nu-i fi bucurat \u00eens\u0103, a\u015fa cum ne-au spus doi agen\u0163i economici cu care am reu\u015fit s\u0103 stau de vorb\u0103. Unul dintre ei este <strong>\u015etefan Driga<\/strong> din satul Molovata Nou\u0103, care arendeaz\u0103 220 de ha de dup\u0103 traseul R\u00eebni\u0163a-Tiraspol.<\/p>\n<p>\u201e\u00cen noiembrie au spus c\u0103 dou\u0103 luni \u015fi ave\u0163i acces la p\u0103m\u00e2nt, dar azi diminea\u0163a au venit \u015fi ne-au spus c\u0103 de la 1 august \u015fi c\u0103 mai mult nu pot negocia. Acum nu avem acces. Noi ne-am preg\u0103tit, am cump\u0103rat semin\u021be, chimicate, tot \u015fi ne-am preg\u0103tit pentru sem\u0103nat \u015fi ne-au zis c\u0103 de la 1 august, nu acum.\u201d<\/p>\n<p><strong>Europa Liber\u0103: De ce at\u00e2t de t\u00e2rziu?<\/strong><\/p>\n<p>\u201ePentru c\u0103 Transnistria nu vrea s\u0103 ni le dea. Iar p\u00e2n\u0103 la 1 august c\u00e2t\u0103 ap\u0103 a trece pe Nistru \u015fi iar\u0103\u015fi ne-or bloca. Iat\u0103 \u00een ce situa\u0163ie sunt eu acum. Am luat credit. Am cump\u0103rat \u015fi acum stau cu semin\u021bele \u015fi \u00eengr\u0103\u0219\u0103mintele \u015fi nu am acces la p\u0103m\u00e2nt. Am angajat din nou oameni. Ce fac cu toate acestea acum? Cine o s\u0103-mi \u00eentoarc\u0103 cheltuielile? Nimeni. S\u0103m\u00e2n\u021ba e luat\u0103, dar la anu ea \u00ee\u015fi pierde germina\u021bia. Sunt cheltuieli, nu-i joac\u0103. Un sac de s\u0103m\u00e2n\u0163\u0103 de floarea soarelui la hectar cost\u0103 140 de euro. Dac\u0103 am luat la 200 de hectare, \u015fti\u0163i c\u00e2t e asta.\u201d<\/p>\n<p><strong>Europa Liber\u0103: Guvernul zice c\u0103 v\u0103 d\u0103 ni\u015fte compensa\u0163ii?<\/strong><\/p>\n<p>\u201eCare compensa\u0163ii, dac\u0103 nici pe cele de anul trecut de 1200 de lei per hectar nu le-au achitat? Ce vorb\u0103 s\u0103 fie. \u015ei-au \u0219ters picioarele de noi. Nici nu v\u0103 \u00eenchipui\u021bi ce \u00eenseamn\u0103 asta. E o tragedie mare. Noi ne-am\u2026\u201d<\/p>\n<p><strong>Europa Liber\u0103: V-a\u0163i dezam\u0103git? <\/strong><\/p>\n<p>\u201eNu c\u0103 dezam\u0103gi\u021bi. Suntem distru\u0219i.\u201d<\/p>\n<p>Un alt agent economic <strong>Vera Semionov<\/strong> este din satul Doro\u0163caia. \u00cen 2014 c\u00e2nd partea transnistrean\u0103 i-a interzis accesul la terenuri avea \u00een gestiune o suprafa\u0163\u0103 de 325 de ha. Acum a r\u0103mas cu mai pu\u0163in de jum\u0103tate:<\/p>\n<p>Textul complet:\u00a0<a href=\"https:\/\/www.europalibera.org\/a\/accesul-la-terenuri-dubasari-de-dupa-soseaua-rabnita-tiraspol\/29187544.html\">https:\/\/www.europalibera.org<\/a><\/p>\n<\/div>\n<\/div>\n","protected":false},"excerpt":{"rendered":"<p>Alla Ceapai Proprietarii de terenuri nu cred c\u0103 problema ar fi fost solu\u021bionat\u0103 pe 20 de ani, a\u0219a cum sus\u021bine guvernul. Guvernul de la Chi\u0219in\u0103u a anun\u021bat c\u0103 \u201ea solu\u021bionat\u201d pe 20 de ani problema accesului fermierilor moldoveni din st\u00e2nga Nistrului la terenurile lor de dup\u0103 \u0219oseaua Dub\u0103sari &#8211; Tiraspol. Satele Cocieri, Co\u0219ni\u021ba, Doro\u021bcaia, Molovata&#8230;<\/p>\n","protected":false},"author":2,"featured_media":0,"comment_status":"closed","ping_status":"open","sticky":false,"template":"","format":"standard","meta":[],"categories":[1],"tags":[],"_links":{"self":[{"href":"https:\/\/centers.ulbsibiu.ro\/ccsprise\/lact\/wp-json\/wp\/v2\/posts\/4660"}],"collection":[{"href":"https:\/\/centers.ulbsibiu.ro\/ccsprise\/lact\/wp-json\/wp\/v2\/posts"}],"about":[{"href":"https:\/\/centers.ulbsibiu.ro\/ccsprise\/lact\/wp-json\/wp\/v2\/types\/post"}],"author":[{"embeddable":true,"href":"https:\/\/centers.ulbsibiu.ro\/ccsprise\/lact\/wp-json\/wp\/v2\/users\/2"}],"replies":[{"embeddable":true,"href":"https:\/\/centers.ulbsibiu.ro\/ccsprise\/lact\/wp-json\/wp\/v2\/comments?post=4660"}],"version-history":[{"count":1,"href":"https:\/\/centers.ulbsibiu.ro\/ccsprise\/lact\/wp-json\/wp\/v2\/posts\/4660\/revisions"}],"predecessor-version":[{"id":4661,"href":"https:\/\/centers.ulbsibiu.ro\/ccsprise\/lact\/wp-json\/wp\/v2\/posts\/4660\/revisions\/4661"}],"wp:attachment":[{"href":"https:\/\/centers.ulbsibiu.ro\/ccsprise\/lact\/wp-json\/wp\/v2\/media?parent=4660"}],"wp:term":[{"taxonomy":"category","embeddable":true,"href":"https:\/\/centers.ulbsibiu.ro\/ccsprise\/lact\/wp-json\/wp\/v2\/categories?post=4660"},{"taxonomy":"post_tag","embeddable":true,"href":"https:\/\/centers.ulbsibiu.ro\/ccsprise\/lact\/wp-json\/wp\/v2\/tags?post=4660"}],"curies":[{"name":"wp","href":"https:\/\/api.w.org\/{rel}","templated":true}]}}