{"id":4658,"date":"2018-04-23T18:03:25","date_gmt":"2018-04-23T16:03:25","guid":{"rendered":"https:\/\/centers.ulbsibiu.ro\/ccsprise\/lact\/?p=4658"},"modified":"2018-04-23T18:03:25","modified_gmt":"2018-04-23T16:03:25","slug":"gov-md-guvernul-a-solutionat-pentru-un-termen-de-20-de-ani-problema-terenurilor-din-stanga-nistrului-apartinand-raionului-dubasari","status":"publish","type":"post","link":"https:\/\/centers.ulbsibiu.ro\/ccsprise\/lact\/gov-md-guvernul-a-solutionat-pentru-un-termen-de-20-de-ani-problema-terenurilor-din-stanga-nistrului-apartinand-raionului-dubasari\/","title":{"rendered":"Gov.md &#8211; Guvernul a solu\u021bionat pentru un termen de 20 de ani problema terenurilor din st\u00e2nga Nistrului apar\u021bin\u00e2nd raionului Dub\u0103sari"},"content":{"rendered":"<p>Ca rezultat al eforturilor Guvernului Republicii Moldova \u00een cadrul negocierilor purtate \u00eentre Chi\u0219in\u0103u \u0219i Tiraspol, s-a reu\u0219it restabilirea accesului la loturile de p\u0103m\u00e2nt care apar\u021bin proprietarilor din raionul Dub\u0103sari.<\/p>\n<p>Astfel, a fost ob\u021binut \u00een premier\u0103 accesul necondi\u021bionat al proprietarilor terenurilor agricole pentru un termen de 20 de ani, cu \u00eenceperea utiliz\u0103rii din 1 august 2018 \u0219i eliberarea certificatelor \u00een perioada imediat urm\u0103toare.<\/p>\n<p>Rezultatele ac\u021biunilor Guvernului au fost comunicate luni, 23 aprilie curent, \u00een cadrul \u00eentrevederii dintre reprezentan\u021bii Biroului Politici de reintegrare \u0219i administra\u021biile publice locale din localit\u0103\u021bile Cocieri, Co\u0219ni\u021ba, Doro\u021bcaia, Molovata Nou\u0103, P\u00e2r\u00e2ta, precum \u0219i agen\u021bii economici din raionul Dub\u0103sari.<\/p>\n<p>Men\u021bion\u0103m c\u0103 din anul 2014 proprietarii nu au mai avut acces la terenurile vizate, iar p\u00e2n\u0103 atunci dreptul de utilizare era stabilit anual.<\/p>\n<p>Guvernul Republicii Moldova r\u0103m\u00e2ne angajat \u00een demersuri care s\u0103 duc\u0103 la rezultate concrete pentru cet\u0103\u021benii moldoveni de pe ambele maluri ale Nistrului.<\/p>\n<p>Sursa:\u00a0<a href=\"http:\/\/www.gov.md\/ro\/content\/guvernul-solutionat-pentru-un-termen-de-20-de-ani-problema-terenurilor-din-stanga-nistrului\">http:\/\/www.gov.md\/<\/a><\/p>\n","protected":false},"excerpt":{"rendered":"<p>Ca rezultat al eforturilor Guvernului Republicii Moldova \u00een cadrul negocierilor purtate \u00eentre Chi\u0219in\u0103u \u0219i Tiraspol, s-a reu\u0219it restabilirea accesului la loturile de p\u0103m\u00e2nt care apar\u021bin proprietarilor din raionul Dub\u0103sari. Astfel, a fost ob\u021binut \u00een premier\u0103 accesul necondi\u021bionat al proprietarilor terenurilor agricole pentru un termen de 20 de ani, cu \u00eenceperea utiliz\u0103rii din 1 august 2018&#8230;<\/p>\n","protected":false},"author":2,"featured_media":0,"comment_status":"closed","ping_status":"open","sticky":false,"template":"","format":"standard","meta":[],"categories":[1],"tags":[],"_links":{"self":[{"href":"https:\/\/centers.ulbsibiu.ro\/ccsprise\/lact\/wp-json\/wp\/v2\/posts\/4658"}],"collection":[{"href":"https:\/\/centers.ulbsibiu.ro\/ccsprise\/lact\/wp-json\/wp\/v2\/posts"}],"about":[{"href":"https:\/\/centers.ulbsibiu.ro\/ccsprise\/lact\/wp-json\/wp\/v2\/types\/post"}],"author":[{"embeddable":true,"href":"https:\/\/centers.ulbsibiu.ro\/ccsprise\/lact\/wp-json\/wp\/v2\/users\/2"}],"replies":[{"embeddable":true,"href":"https:\/\/centers.ulbsibiu.ro\/ccsprise\/lact\/wp-json\/wp\/v2\/comments?post=4658"}],"version-history":[{"count":1,"href":"https:\/\/centers.ulbsibiu.ro\/ccsprise\/lact\/wp-json\/wp\/v2\/posts\/4658\/revisions"}],"predecessor-version":[{"id":4659,"href":"https:\/\/centers.ulbsibiu.ro\/ccsprise\/lact\/wp-json\/wp\/v2\/posts\/4658\/revisions\/4659"}],"wp:attachment":[{"href":"https:\/\/centers.ulbsibiu.ro\/ccsprise\/lact\/wp-json\/wp\/v2\/media?parent=4658"}],"wp:term":[{"taxonomy":"category","embeddable":true,"href":"https:\/\/centers.ulbsibiu.ro\/ccsprise\/lact\/wp-json\/wp\/v2\/categories?post=4658"},{"taxonomy":"post_tag","embeddable":true,"href":"https:\/\/centers.ulbsibiu.ro\/ccsprise\/lact\/wp-json\/wp\/v2\/tags?post=4658"}],"curies":[{"name":"wp","href":"https:\/\/api.w.org\/{rel}","templated":true}]}}