{"id":4653,"date":"2018-04-22T07:50:47","date_gmt":"2018-04-22T05:50:47","guid":{"rendered":"https:\/\/centers.ulbsibiu.ro\/ccsprise\/lact\/?p=4653"},"modified":"2018-04-22T07:52:22","modified_gmt":"2018-04-22T05:52:22","slug":"noi-md-rogozin-a-condus-o-sedinta-privind-cooperarea-cu-transnistria","status":"publish","type":"post","link":"https:\/\/centers.ulbsibiu.ro\/ccsprise\/lact\/noi-md-rogozin-a-condus-o-sedinta-privind-cooperarea-cu-transnistria\/","title":{"rendered":"Noi.md &#8211; Rogozin a condus o \u0219edin\u021b\u0103 privind cooperarea cu Transnistria"},"content":{"rendered":"<p>Autor <a href=\"https:\/\/noi.md\/md\/authors-news\/id_author\/3141\">Stepanov Gheorghe<\/a><\/p>\n<p>La Guvernul FR, sub conducerea viceprim-ministrului FR Dmitri Rogozin, a avut loc \u015fedin\u0163a interdepartamental\u0103 pe problemele de interac\u021biune cu <a title=\"Transnistria\" href=\"http:\/\/moldovenii.md\/md\/city\/section\/id\/80\" target=\"_blank\" rel=\"noopener\">Transnistria<\/a>. La aceasta a participat o delega\u021bie condus\u0103 de pre\u0219edintele nerecunoscutei RMN Vadim Krasnoselski, transmite Noi.md.<\/p>\n<p>Potrivit comunicatului Serviciul de pres\u0103 al liderului transnistrean, participan\u021bii la \u015fedin\u0163\u0103 au discutat \u00een detalii \u00eentreaga list\u0103 a chestiunilor de pe agenda cooper\u0103rii ruso-transnistrene pentru anul 2018. Documentul prezentat de partea transnistrean\u0103 le-a fost transmis din timp colegilor ru\u0219i, pentru studiere preliminar\u0103 \u0219i analiz\u0103.<\/p>\n<p>&nbsp;<\/p>\n<div>\n<h4>Krasnoselski \u0219i Ignatiev s-au v\u0103zut la Moscova cu Rogozin \u0219i Zatulin<\/h4>\n<\/div>\n<p>&nbsp;<\/p>\n<p>Dup\u0103 cum a fost men\u021bionat, discu\u021bia la obiect purtat\u0103 a permis determinarea parametrilor practici pentru realizarea mai multor ini\u021biative privind domenii concrete de interac\u021biune legate direct de realizarea drepturilor cet\u0103\u021benilor ru\u0219i \u0219i a compatrio\u021bilor, care locuiesc \u00een Transnistria.<\/p>\n<p>P\u0103r\u021bile au discutat, spre exemplu, proiectele propuse pentru domeniul dezvolt\u0103rii mecanismelor de creditare a \u00eentreprinderilor din Transnistria. Au g\u0103sit \u00een comunsolu\u0163ii privind problema accesului optim pe pia\u021ba rus\u0103 a produselor exportate de Transnistria.<\/p>\n<p>Un subiect important al discu\u0163iilor l-a constituit \u015fi acel referitor la punerea \u00een aplicare a programelor de asisten\u0163\u0103 a Guvernului rus \u00een Transnistria, inclusiv &#8220;Capitalul de maternitate&#8221;. P\u0103r\u0163ile au vorbit, de asemenea, despre perspectivele de extindere a listei \u0219i de cre\u0219tere a volumului proiectelor de infrastructur\u0103 ruseasc\u0103, implementate \u00een nerecunoscuta RMN, inclusiv prin linia de integrare ANO Eurasiatc\u0103. O alt\u0103 problem\u0103 actual\u0103 &#8211; extinderea mecanismului de ob\u021binere a cet\u0103\u021beniei ruse\u0219ti pentru un cerc c\u00eet mai larg al locuitorilor Transnistriei.<\/p>\n<p>O aten\u021bie deosebit\u0103 a fost acordat\u0103 problematicii dob\u00eendirii cet\u0103\u021beniei ruse de c\u0103tre tinerii, n\u0103scu\u021bi dup\u0103 anul 1991. Potrivit celor men\u021bionate, activitatea comun\u0103 transnistreano-rus\u0103 privind implementarea ini\u021biativelor, propuse \u00een formatele discutate va continua \u00een regim de lucru \u00een cadrul canalelor existente de comunicare bilateral\u0103.<\/p>\n<p>Sursa:\u00a0<a href=\"https:\/\/noi.md\/md\/transnistria\/rogozin-a-condus-o-sedinta-privind-cooperarea-cu-transnistria\">https:\/\/noi.md\/<\/a><\/p>\n","protected":false},"excerpt":{"rendered":"<p>Autor Stepanov Gheorghe La Guvernul FR, sub conducerea viceprim-ministrului FR Dmitri Rogozin, a avut loc \u015fedin\u0163a interdepartamental\u0103 pe problemele de interac\u021biune cu Transnistria. La aceasta a participat o delega\u021bie condus\u0103 de pre\u0219edintele nerecunoscutei RMN Vadim Krasnoselski, transmite Noi.md. Potrivit comunicatului Serviciul de pres\u0103 al liderului transnistrean, participan\u021bii la \u015fedin\u0163\u0103 au discutat \u00een detalii \u00eentreaga list\u0103&#8230;<\/p>\n","protected":false},"author":2,"featured_media":0,"comment_status":"closed","ping_status":"open","sticky":false,"template":"","format":"standard","meta":[],"categories":[1],"tags":[],"_links":{"self":[{"href":"https:\/\/centers.ulbsibiu.ro\/ccsprise\/lact\/wp-json\/wp\/v2\/posts\/4653"}],"collection":[{"href":"https:\/\/centers.ulbsibiu.ro\/ccsprise\/lact\/wp-json\/wp\/v2\/posts"}],"about":[{"href":"https:\/\/centers.ulbsibiu.ro\/ccsprise\/lact\/wp-json\/wp\/v2\/types\/post"}],"author":[{"embeddable":true,"href":"https:\/\/centers.ulbsibiu.ro\/ccsprise\/lact\/wp-json\/wp\/v2\/users\/2"}],"replies":[{"embeddable":true,"href":"https:\/\/centers.ulbsibiu.ro\/ccsprise\/lact\/wp-json\/wp\/v2\/comments?post=4653"}],"version-history":[{"count":3,"href":"https:\/\/centers.ulbsibiu.ro\/ccsprise\/lact\/wp-json\/wp\/v2\/posts\/4653\/revisions"}],"predecessor-version":[{"id":4656,"href":"https:\/\/centers.ulbsibiu.ro\/ccsprise\/lact\/wp-json\/wp\/v2\/posts\/4653\/revisions\/4656"}],"wp:attachment":[{"href":"https:\/\/centers.ulbsibiu.ro\/ccsprise\/lact\/wp-json\/wp\/v2\/media?parent=4653"}],"wp:term":[{"taxonomy":"category","embeddable":true,"href":"https:\/\/centers.ulbsibiu.ro\/ccsprise\/lact\/wp-json\/wp\/v2\/categories?post=4653"},{"taxonomy":"post_tag","embeddable":true,"href":"https:\/\/centers.ulbsibiu.ro\/ccsprise\/lact\/wp-json\/wp\/v2\/tags?post=4653"}],"curies":[{"name":"wp","href":"https:\/\/api.w.org\/{rel}","templated":true}]}}