{"id":4647,"date":"2018-04-20T20:23:12","date_gmt":"2018-04-20T18:23:12","guid":{"rendered":"https:\/\/centers.ulbsibiu.ro\/ccsprise\/lact\/?p=4647"},"modified":"2018-04-20T20:23:12","modified_gmt":"2018-04-20T18:23:12","slug":"deschide-md-control-comun-la-cuciurgan-pervomaisc-lacrimile-tiraspolului-curg-la-moscova","status":"publish","type":"post","link":"https:\/\/centers.ulbsibiu.ro\/ccsprise\/lact\/deschide-md-control-comun-la-cuciurgan-pervomaisc-lacrimile-tiraspolului-curg-la-moscova\/","title":{"rendered":"Deschide.md &#8211; Control comun la Cuciurgan &#8211; Pervomaisc \/\/ Lacrimile Tiraspolului curg la Moscova"},"content":{"rendered":"<p><span style=\"display: inline !important; float: none; background-color: transparent; color: #888888; font-family: 'Open Sans',sans-serif; font-size: 12px; font-style: normal; font-variant: normal; font-weight: 400; letter-spacing: normal; orphans: 2; text-align: left; text-decoration: none; text-indent: 0px; text-transform: none; -webkit-text-stroke-width: 0px; white-space: normal; word-spacing: 0px;\">Author: Vasile Cojoca<\/span><\/p>\n<p><strong>A\u0219a-numitul ministru de externe de la Tiraspol, Vitalii Ignatiev, l-a anun\u021bat, \u00een cadrul unei vizite la Moscova, pe ambasadorul \u00eens\u0103rcinat cu misiuni speciale al Ministerului de Externe al Federa\u021biei Ruse, Serghei Gubarev, despre \u201econsecin\u021bele negative\u201d ale trecerii la alt\u0103 etap\u0103 a controlului comun moldo-ucrainean la punctul de trecere Cuciurgan \u2013 Pervomaisc.<\/strong><\/p>\n<p>Potrivit unui comunicat de pres\u0103 a pretinsei diploma\u021bii transnistrene, Tiraspolul a f\u0103cut deja un demers c\u0103tre to\u021bi membrii formatului \u201e5+2\u201d cer\u00e2nd \u201eneadmiterea \u00eenr\u0103ut\u0103\u021birii situa\u021biei\u201d.<\/p>\n<p><em>\u201eDiplomatul (Ignatiev \u2013 n.red) a subliniat c\u0103 pozi\u021bia Transnistriei se rezum\u0103 la neadmiterea noilor impedimente pentru libera circula\u021bie \u0219i activitate a agen\u021bilor economici, precum \u0219i a unui dialog mai activ cu partea moldoveneasc\u0103 pe acest subiect\u201d<\/em>, se men\u021bioneaz\u0103 \u00een comunicat.<\/p>\n<p>\u00cen aceste zile, o delega\u021bie a liderilor transnistreni, \u00een frunte cu Vadim Krasnoselski, \u00eentreprinde o vizit\u0103 la Moscova unde va avea loc o \u0219edin\u021b\u0103 interna\u021bional\u0103 condus\u0103 de vicepremierul rus, Dmitri Rogozin.<\/p>\n<p>Textul complet:\u00a0<a href=\"https:\/\/deschide.md\/ro\/stiri\/politic\/29704\/Control-comun-la-Cuciurgan---Pervomaisc--Lacrimile-Tiraspolului-curg-la-Moscova.htm\">https:\/\/deschide.md\/<\/a><\/p>\n","protected":false},"excerpt":{"rendered":"<p>Author: Vasile Cojoca A\u0219a-numitul ministru de externe de la Tiraspol, Vitalii Ignatiev, l-a anun\u021bat, \u00een cadrul unei vizite la Moscova, pe ambasadorul \u00eens\u0103rcinat cu misiuni speciale al Ministerului de Externe al Federa\u021biei Ruse, Serghei Gubarev, despre \u201econsecin\u021bele negative\u201d ale trecerii la alt\u0103 etap\u0103 a controlului comun moldo-ucrainean la punctul de trecere Cuciurgan \u2013 Pervomaisc. Potrivit&#8230;<\/p>\n","protected":false},"author":2,"featured_media":0,"comment_status":"closed","ping_status":"open","sticky":false,"template":"","format":"standard","meta":[],"categories":[1],"tags":[],"_links":{"self":[{"href":"https:\/\/centers.ulbsibiu.ro\/ccsprise\/lact\/wp-json\/wp\/v2\/posts\/4647"}],"collection":[{"href":"https:\/\/centers.ulbsibiu.ro\/ccsprise\/lact\/wp-json\/wp\/v2\/posts"}],"about":[{"href":"https:\/\/centers.ulbsibiu.ro\/ccsprise\/lact\/wp-json\/wp\/v2\/types\/post"}],"author":[{"embeddable":true,"href":"https:\/\/centers.ulbsibiu.ro\/ccsprise\/lact\/wp-json\/wp\/v2\/users\/2"}],"replies":[{"embeddable":true,"href":"https:\/\/centers.ulbsibiu.ro\/ccsprise\/lact\/wp-json\/wp\/v2\/comments?post=4647"}],"version-history":[{"count":1,"href":"https:\/\/centers.ulbsibiu.ro\/ccsprise\/lact\/wp-json\/wp\/v2\/posts\/4647\/revisions"}],"predecessor-version":[{"id":4648,"href":"https:\/\/centers.ulbsibiu.ro\/ccsprise\/lact\/wp-json\/wp\/v2\/posts\/4647\/revisions\/4648"}],"wp:attachment":[{"href":"https:\/\/centers.ulbsibiu.ro\/ccsprise\/lact\/wp-json\/wp\/v2\/media?parent=4647"}],"wp:term":[{"taxonomy":"category","embeddable":true,"href":"https:\/\/centers.ulbsibiu.ro\/ccsprise\/lact\/wp-json\/wp\/v2\/categories?post=4647"},{"taxonomy":"post_tag","embeddable":true,"href":"https:\/\/centers.ulbsibiu.ro\/ccsprise\/lact\/wp-json\/wp\/v2\/tags?post=4647"}],"curies":[{"name":"wp","href":"https:\/\/api.w.org\/{rel}","templated":true}]}}