{"id":4645,"date":"2018-04-20T20:18:18","date_gmt":"2018-04-20T18:18:18","guid":{"rendered":"https:\/\/centers.ulbsibiu.ro\/ccsprise\/lact\/?p=4645"},"modified":"2018-04-20T20:18:18","modified_gmt":"2018-04-20T18:18:18","slug":"gov-md-intrevederea-viceprim-ministrului-cristina-lesnic-cu-seful-misiunii-osce-in-republica-moldova-michael-scanlan-4","status":"publish","type":"post","link":"https:\/\/centers.ulbsibiu.ro\/ccsprise\/lact\/gov-md-intrevederea-viceprim-ministrului-cristina-lesnic-cu-seful-misiunii-osce-in-republica-moldova-michael-scanlan-4\/","title":{"rendered":"Gov.md &#8211; \u00centrevederea Viceprim-ministrului Cristina Lesnic cu \u0218eful Misiunii OSCE \u00een Republica Moldova Michael Scanlan"},"content":{"rendered":"<p>Ast\u0103zi, 20 aprilie curent, Viceprim-ministrul Cristina Lesnic a avut o \u00eentrevedere cu \u0218eful Misiunii OSCE \u00een Republica Moldova Michael Scanlan. La eveniment au mai participat reprezentan\u021bi din cadrul delega\u021biei Republicii Moldova \u00een Comisia Unificat\u0103 de Control \u0219i exper\u021bi din partea Misiunii OSCE.<\/p>\n<p>Conform tradi\u021biei deja existente, \u00een formatul men\u021bionat, \u00een fiecare lun\u0103 este abordat\u0103 situa\u021bia din Zona de Securitate, cu efectuarea unui schimb de informa\u021bii \u0219i opinii vizavi de evolu\u021biile \u00eenregistrate \u00een perioada de referin\u021b\u0103, m\u0103surile \u00eentreprinse de c\u0103tre actorii implica\u021bi \u0219i ac\u021biunile ce se impun a fi luate \u00een vederea men\u021binerii stabilit\u0103\u021bii \u00een perimetrul teritorial de activitate al for\u021belor de men\u021binere a p\u0103cii.<\/p>\n<p>\u00cen continuarea dialogului anterior ini\u021biat p\u0103r\u021bile au discutat \u0219i aspecte ce \u021bin de func\u021bionalitatea podului dintre localit\u0103\u021bile Gura B\u00e2cului \u2013 B\u00e2cioc \u0219i asigurarea liberei circula\u021bii pe acest obiect de infrastructur\u0103, fiind convenit\u0103 necesitatea monitoriz\u0103rii obiective a tuturor proceselor, respect\u0103rii angajamentelor asumate prin Decizia protocolar\u0103 din 03 noiembrie 2017 \u0219i a evit\u0103rii abord\u0103rilor unilaterale \u00een m\u0103sur\u0103 s\u0103 creeze bariere artificiale \u0219i focare de tensiune ira\u021bionale.<\/p>\n<p>Sursa:\u00a0<a href=\"http:\/\/gov.md\/ro\/content\/intrevederea-viceprim-ministrului-cristina-lesnic-cu-seful-misiunii-osce-republica-moldova-2\">http:\/\/gov.md\/<\/a><\/p>\n","protected":false},"excerpt":{"rendered":"<p>Ast\u0103zi, 20 aprilie curent, Viceprim-ministrul Cristina Lesnic a avut o \u00eentrevedere cu \u0218eful Misiunii OSCE \u00een Republica Moldova Michael Scanlan. La eveniment au mai participat reprezentan\u021bi din cadrul delega\u021biei Republicii Moldova \u00een Comisia Unificat\u0103 de Control \u0219i exper\u021bi din partea Misiunii OSCE. Conform tradi\u021biei deja existente, \u00een formatul men\u021bionat, \u00een fiecare lun\u0103 este abordat\u0103 situa\u021bia&#8230;<\/p>\n","protected":false},"author":2,"featured_media":0,"comment_status":"closed","ping_status":"open","sticky":false,"template":"","format":"standard","meta":[],"categories":[1],"tags":[],"_links":{"self":[{"href":"https:\/\/centers.ulbsibiu.ro\/ccsprise\/lact\/wp-json\/wp\/v2\/posts\/4645"}],"collection":[{"href":"https:\/\/centers.ulbsibiu.ro\/ccsprise\/lact\/wp-json\/wp\/v2\/posts"}],"about":[{"href":"https:\/\/centers.ulbsibiu.ro\/ccsprise\/lact\/wp-json\/wp\/v2\/types\/post"}],"author":[{"embeddable":true,"href":"https:\/\/centers.ulbsibiu.ro\/ccsprise\/lact\/wp-json\/wp\/v2\/users\/2"}],"replies":[{"embeddable":true,"href":"https:\/\/centers.ulbsibiu.ro\/ccsprise\/lact\/wp-json\/wp\/v2\/comments?post=4645"}],"version-history":[{"count":1,"href":"https:\/\/centers.ulbsibiu.ro\/ccsprise\/lact\/wp-json\/wp\/v2\/posts\/4645\/revisions"}],"predecessor-version":[{"id":4646,"href":"https:\/\/centers.ulbsibiu.ro\/ccsprise\/lact\/wp-json\/wp\/v2\/posts\/4645\/revisions\/4646"}],"wp:attachment":[{"href":"https:\/\/centers.ulbsibiu.ro\/ccsprise\/lact\/wp-json\/wp\/v2\/media?parent=4645"}],"wp:term":[{"taxonomy":"category","embeddable":true,"href":"https:\/\/centers.ulbsibiu.ro\/ccsprise\/lact\/wp-json\/wp\/v2\/categories?post=4645"},{"taxonomy":"post_tag","embeddable":true,"href":"https:\/\/centers.ulbsibiu.ro\/ccsprise\/lact\/wp-json\/wp\/v2\/tags?post=4645"}],"curies":[{"name":"wp","href":"https:\/\/api.w.org\/{rel}","templated":true}]}}