{"id":4643,"date":"2018-04-20T20:16:32","date_gmt":"2018-04-20T18:16:32","guid":{"rendered":"https:\/\/centers.ulbsibiu.ro\/ccsprise\/lact\/?p=4643"},"modified":"2018-04-20T20:16:32","modified_gmt":"2018-04-20T18:16:32","slug":"gov-md-comisia-unificata-de-control-este-in-cautarea-solutiei-pentru-aplanarea-problemelor-din-zona-de-securitate-in-preajma-podului-redeschis-peste-raul-nistru","status":"publish","type":"post","link":"https:\/\/centers.ulbsibiu.ro\/ccsprise\/lact\/gov-md-comisia-unificata-de-control-este-in-cautarea-solutiei-pentru-aplanarea-problemelor-din-zona-de-securitate-in-preajma-podului-redeschis-peste-raul-nistru\/","title":{"rendered":"Gov.md &#8211; Comisia Unificat\u0103 de Control este \u00een c\u0103utarea solu\u021biei pentru aplanarea problemelor din Zona de Securitate \u00een preajma podului redeschis peste r\u00e2ul Nistru"},"content":{"rendered":"<p>\u00cen cadrul \u00eentrunirii Comisiei Unificate de Control (CUC) care a avut loc la 19 aprilie curent \u00een or. Bender, au continuat dezbaterile pe marginea propunerilor formulate de p\u0103r\u021bi privind solu\u021biile legate de instalarea ilegal\u0103 a posturilor pretinselor structuri de for\u0163\u0103 ale Tiraspolului \u015fi extinderea infrastructurii lor \u00een Zona de Securitate, pe podul peste r\u00e2ul Nistru din preajma satelor Gura-B\u00e2cului \u2013 B\u00e2cioc.<\/p>\n<p>Drept urmare a unor discu\u0163ii dificile \u015fi argumentelor invocate, componentele Comisiei au convenit asupra necesit\u0103\u021bii de a dep\u0103\u0219i blocajul \u00een activitatea CUC \u0219i de a rezolva problema liberei circula\u021bii a persoanelor, m\u0103rfurilor \u0219i serviciilor pe podul indicat.<\/p>\n<p>Amintim c\u0103 delega\u021bia Republicii Moldova insist\u0103 pe lichidarea posturilor de \u201egr\u0103niceri\u201d, \u201evame\u0219i\u201d \u0219i \u201emigra\u021bional\u201d, instalate \u00een preajma podului de structurile transnistrene. Delega\u021bia Republicii Moldova propune asigurarea circula\u021biei libere \u0219i \u00een siguran\u021b\u0103 pe acest pod doar de c\u0103tre militarii For\u021belor Mixte de Pacificare \u0219i de c\u0103tre efectivele comune ale Inspectoratului Na\u021bional de Patrulare \u0219i a\u0219a-numita \u201emili\u021bie rutier\u0103\u201d.<\/p>\n<p>La aceast\u0103 etap\u0103, nu a fost identificat\u0103 o solu\u021bie unanim acceptat\u0103 de p\u0103r\u021bi, unele componente solicit\u00e2nd timp pentru consult\u0103ri suplimentare.<\/p>\n<p>Urm\u0103toarea \u0219edin\u021b\u0103 a CUC va \u00a0avea loc la 26 aprilie 2018.<\/p>\n<p>&nbsp;<\/p>\n<p><strong>Delega\u021bia Republicii Moldova \u00een CUC\u00a0<\/strong><\/p>\n<p>&nbsp;<\/p>\n<p>Sursa:\u00a0<a href=\"http:\/\/gov.md\/ro\/content\/comisia-unificata-de-control-este-cautarea-solutiei-pentru-aplanarea-problemelor-din-zona-de\">http:\/\/gov.md\/<\/a><\/p>\n","protected":false},"excerpt":{"rendered":"<p>\u00cen cadrul \u00eentrunirii Comisiei Unificate de Control (CUC) care a avut loc la 19 aprilie curent \u00een or. Bender, au continuat dezbaterile pe marginea propunerilor formulate de p\u0103r\u021bi privind solu\u021biile legate de instalarea ilegal\u0103 a posturilor pretinselor structuri de for\u0163\u0103 ale Tiraspolului \u015fi extinderea infrastructurii lor \u00een Zona de Securitate, pe podul peste r\u00e2ul Nistru&#8230;<\/p>\n","protected":false},"author":2,"featured_media":0,"comment_status":"closed","ping_status":"open","sticky":false,"template":"","format":"standard","meta":[],"categories":[1],"tags":[],"_links":{"self":[{"href":"https:\/\/centers.ulbsibiu.ro\/ccsprise\/lact\/wp-json\/wp\/v2\/posts\/4643"}],"collection":[{"href":"https:\/\/centers.ulbsibiu.ro\/ccsprise\/lact\/wp-json\/wp\/v2\/posts"}],"about":[{"href":"https:\/\/centers.ulbsibiu.ro\/ccsprise\/lact\/wp-json\/wp\/v2\/types\/post"}],"author":[{"embeddable":true,"href":"https:\/\/centers.ulbsibiu.ro\/ccsprise\/lact\/wp-json\/wp\/v2\/users\/2"}],"replies":[{"embeddable":true,"href":"https:\/\/centers.ulbsibiu.ro\/ccsprise\/lact\/wp-json\/wp\/v2\/comments?post=4643"}],"version-history":[{"count":1,"href":"https:\/\/centers.ulbsibiu.ro\/ccsprise\/lact\/wp-json\/wp\/v2\/posts\/4643\/revisions"}],"predecessor-version":[{"id":4644,"href":"https:\/\/centers.ulbsibiu.ro\/ccsprise\/lact\/wp-json\/wp\/v2\/posts\/4643\/revisions\/4644"}],"wp:attachment":[{"href":"https:\/\/centers.ulbsibiu.ro\/ccsprise\/lact\/wp-json\/wp\/v2\/media?parent=4643"}],"wp:term":[{"taxonomy":"category","embeddable":true,"href":"https:\/\/centers.ulbsibiu.ro\/ccsprise\/lact\/wp-json\/wp\/v2\/categories?post=4643"},{"taxonomy":"post_tag","embeddable":true,"href":"https:\/\/centers.ulbsibiu.ro\/ccsprise\/lact\/wp-json\/wp\/v2\/tags?post=4643"}],"curies":[{"name":"wp","href":"https:\/\/api.w.org\/{rel}","templated":true}]}}