{"id":4641,"date":"2018-04-20T20:13:07","date_gmt":"2018-04-20T18:13:07","guid":{"rendered":"https:\/\/centers.ulbsibiu.ro\/ccsprise\/lact\/?p=4641"},"modified":"2018-04-20T20:13:07","modified_gmt":"2018-04-20T18:13:07","slug":"infotag-md-vicepremierul-rus-a-chemat-conducerea-transnistriei-la-o-reuniune-interinstitutionala","status":"publish","type":"post","link":"https:\/\/centers.ulbsibiu.ro\/ccsprise\/lact\/infotag-md-vicepremierul-rus-a-chemat-conducerea-transnistriei-la-o-reuniune-interinstitutionala\/","title":{"rendered":"Infotag.md &#8211; VICEPREMIERUL RUS A CHEMAT CONDUCEREA TRANSNISTRIEI LA O REUNIUNE INTERINSTITU\u0162IONAL\u0102"},"content":{"rendered":"<p>O delega\u0163ie transnistrean\u0103, condus\u0103 de pre\u015fedintele Vadim Krasnoselski, a plecat vineri la Moscova pentru a participa la lucr\u0103rile unei reuniuni interinstitu\u0163ionale, prezidat\u0103 de vicepre\u015fedintele guvernului, reprezentantul special al pre\u015fedintelui Rusiei pentru Transnistria, Dmitri Rogozin.<\/p>\n<p>Potrivit agen\u0163iei INFOTAG cu referire la serviciul de pres\u0103 al liderului de la Tiraspol, reuniunea este consacrat\u0103 problemelor de interac\u021biune cu Transnistria. Este planificat\u0103 \u201ediscutarea aspectelor legate de realizarea agendei de cooperare \u00eentre Rusia \u0219i Transnistria, propus\u0103 de partea rus\u0103 \u00een cadrul \u00eent\u00e2lnirii \u00een guvernul Rusiei din 2 aprilie 2018, \u00een scopul de a promova dezvoltarea socio-economic\u0103 a Transnistriei \u0219i a realiza drepturile umanitare ale cet\u0103\u021benilor \u0219i compatrio\u021bilor ru\u0219i\u201d.<\/p>\n<p>Din componen\u0163a delega\u021biei transnistrene face parte pre\u0219edintele guvernului, Alexandr Mart\u00eenov, \u0219i ministrul afacerilor externe, reprezentantul politic \u00een procesul de negocieri cu Moldova, Vitalii Ignatiev.<\/p>\n<p>La \u00eenceputul lunii aprilie, Vadim Krasnoselski a fost la Moscova \u0219i s-a \u00eent\u00e2lnit cu Rogozin pentru a discuta despre \u201ecooperarea ruso-transnistrean\u0103 \u00een domeniul comercial-economic\u201d. P\u0103r\u021bile au atras aten\u021bia la ini\u021biativele privind atragerea mijloacelor investi\u0163ionale ruse\u015fti \u00een economia Transnistriei, precum \u0219i privind simplificarea accesului produc\u0163iei transnistrene pe pia\u021ba rus\u0103. Ei au calificat drept \u201edistructiv orice apel la reformarea opera\u021biunii de men\u021binere a p\u0103cii pe Nistru, care asigur\u0103 desf\u0103\u015furarea unui dialog politic pa\u0219nic la masa de negocieri\u201d.<\/p>\n<p>Sursa:\u00a0<a href=\"http:\/\/www.infotag.md\/rebelion-ro\/262330\/\">http:\/\/www.infotag.md<\/a><\/p>\n","protected":false},"excerpt":{"rendered":"<p>O delega\u0163ie transnistrean\u0103, condus\u0103 de pre\u015fedintele Vadim Krasnoselski, a plecat vineri la Moscova pentru a participa la lucr\u0103rile unei reuniuni interinstitu\u0163ionale, prezidat\u0103 de vicepre\u015fedintele guvernului, reprezentantul special al pre\u015fedintelui Rusiei pentru Transnistria, Dmitri Rogozin. Potrivit agen\u0163iei INFOTAG cu referire la serviciul de pres\u0103 al liderului de la Tiraspol, reuniunea este consacrat\u0103 problemelor de interac\u021biune cu&#8230;<\/p>\n","protected":false},"author":2,"featured_media":0,"comment_status":"closed","ping_status":"open","sticky":false,"template":"","format":"standard","meta":[],"categories":[1],"tags":[],"_links":{"self":[{"href":"https:\/\/centers.ulbsibiu.ro\/ccsprise\/lact\/wp-json\/wp\/v2\/posts\/4641"}],"collection":[{"href":"https:\/\/centers.ulbsibiu.ro\/ccsprise\/lact\/wp-json\/wp\/v2\/posts"}],"about":[{"href":"https:\/\/centers.ulbsibiu.ro\/ccsprise\/lact\/wp-json\/wp\/v2\/types\/post"}],"author":[{"embeddable":true,"href":"https:\/\/centers.ulbsibiu.ro\/ccsprise\/lact\/wp-json\/wp\/v2\/users\/2"}],"replies":[{"embeddable":true,"href":"https:\/\/centers.ulbsibiu.ro\/ccsprise\/lact\/wp-json\/wp\/v2\/comments?post=4641"}],"version-history":[{"count":1,"href":"https:\/\/centers.ulbsibiu.ro\/ccsprise\/lact\/wp-json\/wp\/v2\/posts\/4641\/revisions"}],"predecessor-version":[{"id":4642,"href":"https:\/\/centers.ulbsibiu.ro\/ccsprise\/lact\/wp-json\/wp\/v2\/posts\/4641\/revisions\/4642"}],"wp:attachment":[{"href":"https:\/\/centers.ulbsibiu.ro\/ccsprise\/lact\/wp-json\/wp\/v2\/media?parent=4641"}],"wp:term":[{"taxonomy":"category","embeddable":true,"href":"https:\/\/centers.ulbsibiu.ro\/ccsprise\/lact\/wp-json\/wp\/v2\/categories?post=4641"},{"taxonomy":"post_tag","embeddable":true,"href":"https:\/\/centers.ulbsibiu.ro\/ccsprise\/lact\/wp-json\/wp\/v2\/tags?post=4641"}],"curies":[{"name":"wp","href":"https:\/\/api.w.org\/{rel}","templated":true}]}}