{"id":4639,"date":"2018-04-19T18:22:13","date_gmt":"2018-04-19T16:22:13","guid":{"rendered":"https:\/\/centers.ulbsibiu.ro\/ccsprise\/lact\/?p=4639"},"modified":"2018-04-19T18:22:13","modified_gmt":"2018-04-19T16:22:13","slug":"deschide-md-krasnoselski-va-convoca-consiliul-de-securitate-pentru-a-lua-masuri-impotriva-chisinaului","status":"publish","type":"post","link":"https:\/\/centers.ulbsibiu.ro\/ccsprise\/lact\/deschide-md-krasnoselski-va-convoca-consiliul-de-securitate-pentru-a-lua-masuri-impotriva-chisinaului\/","title":{"rendered":"Deschide.md &#8211; Krasnoselski va convoca \u201econsiliul de securitate\u201d pentru a lua m\u0103suri \u00eempotriva Chi\u0219in\u0103ului"},"content":{"rendered":"<p><span style=\"display: inline !important; float: none; background-color: transparent; color: #888888; font-family: 'Open Sans',sans-serif; font-size: 12px; font-style: normal; font-variant: normal; font-weight: 400; letter-spacing: normal; orphans: 2; text-align: left; text-decoration: none; text-indent: 0px; text-transform: none; -webkit-text-stroke-width: 0px; white-space: normal; word-spacing: 0px;\"> Author: Vasile Cojocari<\/span><\/p>\n<p>&nbsp;<\/p>\n<p>Noua etap\u0103 a controlului comun moldo-ucrainean la punctul de trecere Cuciurgan \u2013 Pervomaisc poate \u201esubmina progresul \u00een procesul de negocieri\u201d \u0219i \u201epune \u00een pericol securitatea economic\u0103 a regiunii transnistrene\u201d. Asta i-a spus liderul separatist Vadim Krasnoselski reprezentantului OSCE \u00een R. Moldova Michail Scanlan, \u00een cadrul unei \u00eentrevederi la Tiraspol.<\/p>\n<p>\u201eLa data de 17 aprilie, la Camera de Comer\u021b \u0219i Industria a Moldovei, filiala de la C\u0103u\u0219eni, reprezentan\u021bii Serviciului Vamal al R. Moldova s-au \u00eent\u00e2lnit cu agen\u021bii economici din Transnistria, unde li s-a spus despre cea de-a doua faz\u0103 a controlului comun la Cuciurgan\u201d, a spus Krasnosleksi, potrivit unui comunicat al a\u0219a-zisei pre\u0219edin\u021bii transnistrene.<\/p>\n<p>Acesta i s-a pl\u00e2ns lui Scanlan c\u0103 Chi\u0219in\u0103ul preg\u0103te\u0219te aplicarea controlului \u0219i asupra persoanelor fizice care desf\u0103\u0219oar\u0103 activit\u0103\u021bi antreprenoriale.<\/p>\n<p>Totodat\u0103, Krasnoselski avertizeaz\u0103 c\u0103 Tiraspolul ar putea r\u0103spunde Chi\u0219in\u0103ului cu contram\u0103suri.<\/p>\n<p>\u201e\u00cen timpul apropiat va avea loc \u0219edin\u021ba consiliului de securitate al rmn, unde se va dezbate aceast\u0103 problem\u0103, se vor stabili urm\u0103torii pa\u0219i \u0219i posibile m\u0103suri de r\u0103spuns\u201d, a spus liderul de la Tiraspol.<\/p>\n<p>Amintim c\u0103 din luna iulie 2017 func\u021bioneaz\u0103 primul punct de control comun moldo-ucrainean de pe segmentul transnistrean al frontierei Cuciurgan-Pervomaisc.<\/p>\n<p>Textul complet:\u00a0<a href=\"https:\/\/deschide.md\/ro\/stiri\/politic\/29646\/Krasnoselski-va-convoca-\u201econsiliul-de-securitate\u201d-pentru-a-lua-m\u0103suri-\u00eempotriva-Chi\u0219in\u0103ului.htm\">https:\/\/deschide.md\/<\/a><\/p>\n","protected":false},"excerpt":{"rendered":"<p>Author: Vasile Cojocari &nbsp; Noua etap\u0103 a controlului comun moldo-ucrainean la punctul de trecere Cuciurgan \u2013 Pervomaisc poate \u201esubmina progresul \u00een procesul de negocieri\u201d \u0219i \u201epune \u00een pericol securitatea economic\u0103 a regiunii transnistrene\u201d. Asta i-a spus liderul separatist Vadim Krasnoselski reprezentantului OSCE \u00een R. Moldova Michail Scanlan, \u00een cadrul unei \u00eentrevederi la Tiraspol. \u201eLa data&#8230;<\/p>\n","protected":false},"author":2,"featured_media":0,"comment_status":"closed","ping_status":"open","sticky":false,"template":"","format":"standard","meta":[],"categories":[1],"tags":[],"_links":{"self":[{"href":"https:\/\/centers.ulbsibiu.ro\/ccsprise\/lact\/wp-json\/wp\/v2\/posts\/4639"}],"collection":[{"href":"https:\/\/centers.ulbsibiu.ro\/ccsprise\/lact\/wp-json\/wp\/v2\/posts"}],"about":[{"href":"https:\/\/centers.ulbsibiu.ro\/ccsprise\/lact\/wp-json\/wp\/v2\/types\/post"}],"author":[{"embeddable":true,"href":"https:\/\/centers.ulbsibiu.ro\/ccsprise\/lact\/wp-json\/wp\/v2\/users\/2"}],"replies":[{"embeddable":true,"href":"https:\/\/centers.ulbsibiu.ro\/ccsprise\/lact\/wp-json\/wp\/v2\/comments?post=4639"}],"version-history":[{"count":1,"href":"https:\/\/centers.ulbsibiu.ro\/ccsprise\/lact\/wp-json\/wp\/v2\/posts\/4639\/revisions"}],"predecessor-version":[{"id":4640,"href":"https:\/\/centers.ulbsibiu.ro\/ccsprise\/lact\/wp-json\/wp\/v2\/posts\/4639\/revisions\/4640"}],"wp:attachment":[{"href":"https:\/\/centers.ulbsibiu.ro\/ccsprise\/lact\/wp-json\/wp\/v2\/media?parent=4639"}],"wp:term":[{"taxonomy":"category","embeddable":true,"href":"https:\/\/centers.ulbsibiu.ro\/ccsprise\/lact\/wp-json\/wp\/v2\/categories?post=4639"},{"taxonomy":"post_tag","embeddable":true,"href":"https:\/\/centers.ulbsibiu.ro\/ccsprise\/lact\/wp-json\/wp\/v2\/tags?post=4639"}],"curies":[{"name":"wp","href":"https:\/\/api.w.org\/{rel}","templated":true}]}}