{"id":4637,"date":"2018-04-19T18:16:18","date_gmt":"2018-04-19T16:16:18","guid":{"rendered":"https:\/\/centers.ulbsibiu.ro\/ccsprise\/lact\/?p=4637"},"modified":"2018-04-19T18:16:18","modified_gmt":"2018-04-19T16:16:18","slug":"gov-md-intrevederea-viceprim-ministrului-cristina-lesnic-cu-ministrul-pentru-romanii-de-pretutindeni-natalia-elena-intotero","status":"publish","type":"post","link":"https:\/\/centers.ulbsibiu.ro\/ccsprise\/lact\/gov-md-intrevederea-viceprim-ministrului-cristina-lesnic-cu-ministrul-pentru-romanii-de-pretutindeni-natalia-elena-intotero\/","title":{"rendered":"Gov.md &#8211; \u00centrevederea Viceprim-ministrului Cristina Lesnic cu Ministrul pentru Rom\u00e2nii de Pretutindeni Natalia-Elena Intotero"},"content":{"rendered":"<p>Ast\u0103zi, la 19 aprilie curent, Viceprim-ministrul Cristina Lesnic a avut o \u00eentrevedere\u00a0 cu Ministrul pentru Rom\u00e2nii de Pretutindeni Natalia-Elena Intotero, \u00eenso\u021bit\u0103 de Ambasadorul Rom\u00e2niei \u00een Republica Moldova Daniel Ioni\u021b\u0103.<\/p>\n<p>\u00cen debutul \u0219edin\u021bei, Viceprim-ministrul a men\u021bionat faptul c\u0103 vizita respectiv\u0103 are un impact major pentru dezvoltarea rela\u021biilor moldo-rom\u00e2ne, \u00een special \u00een domeniul educa\u021biei, fiind exprimat\u0103 recuno\u0219tin\u021ba pentru sprijinul constant acordat institu\u021biilor de \u00eenv\u0103\u021b\u0103m\u00e2nt de pe ambele maluri ale Nistrului, cu men\u021biunea c\u0103 Rom\u00e2nia este unul din cei mai importan\u021bi donatori pentru proiectele transfrontaliere, opera\u021bionale \u0219i de transfer know-how.<\/p>\n<p>De asemenea, Viceprim-ministrul a relatat despre situa\u021bia actual\u0103 \u00een procesul de negocieri pentru reglementarea transnistrean\u0103, elucid\u00e2nd priorit\u0103\u021bile Chi\u0219in\u0103ului \u00een acest dialog, printre acestea fiind prenotate asigurarea respect\u0103rii drepturilor omului \u00een raioanele de est ale \u021b\u0103rii \u0219i monitorizarea situa\u021biei din Zona de Securitate.<\/p>\n<p>Dna Cristina Lesnic a specificat rolul substan\u021bial al programelor pentru promovarea m\u0103surilor de consolidare a \u00eencrederii \u0219i necesitatea sincroniz\u0103rii cu autorit\u0103\u021bile Republicii Moldova a activit\u0103\u021bilor promovate \u00een acest sens de c\u0103tre partenerii interna\u021bionali \u00een vederea avans\u0103rii \u00een realizarea dezideratului de reintegrare a \u021b\u0103rii \u0219i de creare a spa\u021biilor na\u021bionale unice.<\/p>\n<p>La r\u00e2ndul s\u0103u, dna Natalia-Elena Intotero a men\u021bionat despre sus\u021binerea parcursului european al Republicii Moldova, \u00een special \u00een contextul prelu\u0103rii de c\u0103tre Rom\u00e2nia a Pre\u0219edin\u021biei la Consiliul Uniunii Europene \u00een anul 2019 \u0219i a enun\u021bat deplina deschidere pentru o colaborare fructuoas\u0103 pe viitor, salut\u00e2nd concomitent desf\u0103\u0219urarea campaniei \u201eO carte pentru educa\u021bia ta\u201d, lansat\u0103 de c\u0103tre Biroul politici de reintegrare \u00een perioada 15 februarie-31 martie curent.<\/p>\n<p>De asemenea, oficialul rom\u00e2n a concretizat unele proiecte implementate de c\u0103tre Ministerul pentru Rom\u00e2nii de Pretutindeni \u0219i care vizeaz\u0103 \u00een calitate de beneficiari copiii, elevii \u0219i cadrele didactice din Republica Moldova, inclusiv din cele 8 \u0219coli cu predare \u00een grafia latin\u0103 din regiunea transnistrean\u0103 (dotarea cu literatur\u0103 a bibliotecilor, organizarea taberelor de var\u0103 \u0219i a sejururilor gratuite, efectuarea schimburilor profesionale de bune practici etc).<\/p>\n<p>La final, oficialii au convenit asupra necesit\u0103\u021bii de a fi depuse eforturi comune \u00een vederea consolid\u0103rii parteneriatului pe filiera educa\u021bional\u0103, cu focalizarea aten\u021biei pe promovarea respect\u0103rii dreptului fundamental la educa\u021bie \u00een limba matern\u0103.<\/p>\n<p>Sursa:\u00a0<a href=\"http:\/\/gov.md\/ro\/content\/intrevederea-viceprim-ministrului-cristina-lesnic-cu-ministrul-pentru-romanii-de\">http:\/\/gov.md\/<\/a><\/p>\n","protected":false},"excerpt":{"rendered":"<p>Ast\u0103zi, la 19 aprilie curent, Viceprim-ministrul Cristina Lesnic a avut o \u00eentrevedere\u00a0 cu Ministrul pentru Rom\u00e2nii de Pretutindeni Natalia-Elena Intotero, \u00eenso\u021bit\u0103 de Ambasadorul Rom\u00e2niei \u00een Republica Moldova Daniel Ioni\u021b\u0103. \u00cen debutul \u0219edin\u021bei, Viceprim-ministrul a men\u021bionat faptul c\u0103 vizita respectiv\u0103 are un impact major pentru dezvoltarea rela\u021biilor moldo-rom\u00e2ne, \u00een special \u00een domeniul educa\u021biei, fiind exprimat\u0103 recuno\u0219tin\u021ba&#8230;<\/p>\n","protected":false},"author":2,"featured_media":0,"comment_status":"closed","ping_status":"open","sticky":false,"template":"","format":"standard","meta":[],"categories":[1],"tags":[],"_links":{"self":[{"href":"https:\/\/centers.ulbsibiu.ro\/ccsprise\/lact\/wp-json\/wp\/v2\/posts\/4637"}],"collection":[{"href":"https:\/\/centers.ulbsibiu.ro\/ccsprise\/lact\/wp-json\/wp\/v2\/posts"}],"about":[{"href":"https:\/\/centers.ulbsibiu.ro\/ccsprise\/lact\/wp-json\/wp\/v2\/types\/post"}],"author":[{"embeddable":true,"href":"https:\/\/centers.ulbsibiu.ro\/ccsprise\/lact\/wp-json\/wp\/v2\/users\/2"}],"replies":[{"embeddable":true,"href":"https:\/\/centers.ulbsibiu.ro\/ccsprise\/lact\/wp-json\/wp\/v2\/comments?post=4637"}],"version-history":[{"count":1,"href":"https:\/\/centers.ulbsibiu.ro\/ccsprise\/lact\/wp-json\/wp\/v2\/posts\/4637\/revisions"}],"predecessor-version":[{"id":4638,"href":"https:\/\/centers.ulbsibiu.ro\/ccsprise\/lact\/wp-json\/wp\/v2\/posts\/4637\/revisions\/4638"}],"wp:attachment":[{"href":"https:\/\/centers.ulbsibiu.ro\/ccsprise\/lact\/wp-json\/wp\/v2\/media?parent=4637"}],"wp:term":[{"taxonomy":"category","embeddable":true,"href":"https:\/\/centers.ulbsibiu.ro\/ccsprise\/lact\/wp-json\/wp\/v2\/categories?post=4637"},{"taxonomy":"post_tag","embeddable":true,"href":"https:\/\/centers.ulbsibiu.ro\/ccsprise\/lact\/wp-json\/wp\/v2\/tags?post=4637"}],"curies":[{"name":"wp","href":"https:\/\/api.w.org\/{rel}","templated":true}]}}