{"id":4634,"date":"2018-04-19T18:13:08","date_gmt":"2018-04-19T16:13:08","guid":{"rendered":"https:\/\/centers.ulbsibiu.ro\/ccsprise\/lact\/?p=4634"},"modified":"2018-04-19T18:13:08","modified_gmt":"2018-04-19T16:13:08","slug":"europalibera-org-controlul-mixt-la-cuciurgan-a-devenit-complet-functional","status":"publish","type":"post","link":"https:\/\/centers.ulbsibiu.ro\/ccsprise\/lact\/europalibera-org-controlul-mixt-la-cuciurgan-a-devenit-complet-functional\/","title":{"rendered":"Europalibera.org &#8211; Controlul mixt la Cuciurgan a devenit complet func\u021bional"},"content":{"rendered":"<p><a class=\"links__item-link\" title=\"Lina Gr\u00e2u\" href=\"https:\/\/www.europalibera.org\/author\/22344.html\">Lina Gr\u00e2u<\/a><\/p>\n<p>&nbsp;<\/p>\n<div class=\"intro content-offset\">\n<p>Administra\u021bia separatist\u0103 de la Tiraspol sus\u021bine c\u0103 Moldova \u0219i Ucraina ar pune \u00een pericol securitatea economic\u0103 a regiunii transnistrene.<\/p>\n<\/div>\n<div id=\"article-content\" class=\"content-floated-wrap\">\n<div class=\"wsw\">\n<p><em>Controlul comun la punctul de trecere Cuciurgan \u2013 Pervomaisk de la frontiera moldo-ucrainean\u0103 a devenit complet func\u021bional \u00eencep\u00e2nd de miercuri. Autorit\u0103\u021bile Republicii Moldova spun c\u0103 o anumit\u0103 perioad\u0103 de timp agen\u021bii economici transnistreni care nu sunt \u00eenregistra\u021bi la Chi\u015fin\u0103u vor putea folosi acest punct vamal, \u00eens\u0103 le sugereaz\u0103 s\u0103-\u0219i fac\u0103 totu\u0219i \u00eenregistrarea la Chi\u015fin\u0103u \u201edac\u0103 vor s\u0103 se bucure \u00een continuare de tot confortul care \u00eel ofer\u0103 acest punct comun de control\u201d.<\/em><\/p>\n<p>Din momentul <a class=\"wsw__a\" href=\"https:\/\/www.europalibera.org\/a\/moldova-ucraina-control-comun-frontiera-cuciurgan\/28621043.html\">lans\u0103rii<\/a>, pe 17 iulie 2017, controlul comun moldo-ucrainean la punctul de trecere Pervomaisk-Cuciurgan a func\u021bionat \u00een regim provizoriu. Controlul comun deplin a devenit posibil dup\u0103 ce pre\u0219edintele ucrainean Petro Poro\u0219enko <a class=\"wsw__a\" href=\"https:\/\/www.europalibera.org\/a\/29161559.html\">a promulgat<\/a> acum o s\u0103pt\u0103m\u00e2n\u0103 legea privind ratificarea acordului bilateral \u00een acest sens.<\/p>\n<p>Administra\u021bia separatist\u0103 de la Tiraspol, sus\u021binut\u0103 de Moscova, a criticat dur de la bun \u00eenceput instituirea acestui control mixt, compar\u00e2ndu-l cu o nou\u0103 blocad\u0103 economic\u0103 a regiunii transnistrene. Asta, \u00een timp ce autorit\u0103\u021bile de la Chi\u015fin\u0103u vorbeau despre beneficii pentru popula\u021bie \u0219i agen\u021bi economici, beneficii care ar consta \u00een reducerea birocra\u021biei \u0219i \u00een mai pu\u021bin timp petrecut \u00een vam\u0103. Iar <a class=\"wsw__a\" href=\"https:\/\/www.europalibera.org\/a\/29161559.html\">Kievul a declarat<\/a> c\u0103 astfel va fi m\u0103rit\u0103 eficien\u021ba luptei cu criminalitatea \u0219i contrabanda, fiind sporit\u0103 \u0219i securitatea regional\u0103.<\/p>\n<p>\u00cenregistrarea agen\u021bilor economici transnistreni \u00een Republica Moldova se face din 2006, dup\u0103 ce Chi\u015fin\u0103ul a retras Tiraspolului \u0219tampilele vamale necesare procedurilor de export. Agen\u021bii economici din regiunea transnistrean\u0103 pl\u0103tesc taxe vamale, dar sunt scuti\u021bi de alte taxe \u00een bugetul Republicii Moldova, av\u00e2nd \u00een vedere c\u0103 fac toate pl\u0103\u021bile \u00een bugetul regiunii separatiste transnistrene.<\/p>\n<p>Texul complet la\u00a0<a href=\"https:\/\/www.europalibera.org\/a\/controlul-mixt-la-cuciurgan-a-devenit-complet-func\u021bional\/29177204.html\">https:\/\/www.europalibera.org\/<\/a><\/p>\n<\/div>\n<\/div>\n","protected":false},"excerpt":{"rendered":"<p>Lina Gr\u00e2u &nbsp; Administra\u021bia separatist\u0103 de la Tiraspol sus\u021bine c\u0103 Moldova \u0219i Ucraina ar pune \u00een pericol securitatea economic\u0103 a regiunii transnistrene. Controlul comun la punctul de trecere Cuciurgan \u2013 Pervomaisk de la frontiera moldo-ucrainean\u0103 a devenit complet func\u021bional \u00eencep\u00e2nd de miercuri. Autorit\u0103\u021bile Republicii Moldova spun c\u0103 o anumit\u0103 perioad\u0103 de timp agen\u021bii economici transnistreni&#8230;<\/p>\n","protected":false},"author":2,"featured_media":0,"comment_status":"closed","ping_status":"open","sticky":false,"template":"","format":"standard","meta":[],"categories":[1],"tags":[],"_links":{"self":[{"href":"https:\/\/centers.ulbsibiu.ro\/ccsprise\/lact\/wp-json\/wp\/v2\/posts\/4634"}],"collection":[{"href":"https:\/\/centers.ulbsibiu.ro\/ccsprise\/lact\/wp-json\/wp\/v2\/posts"}],"about":[{"href":"https:\/\/centers.ulbsibiu.ro\/ccsprise\/lact\/wp-json\/wp\/v2\/types\/post"}],"author":[{"embeddable":true,"href":"https:\/\/centers.ulbsibiu.ro\/ccsprise\/lact\/wp-json\/wp\/v2\/users\/2"}],"replies":[{"embeddable":true,"href":"https:\/\/centers.ulbsibiu.ro\/ccsprise\/lact\/wp-json\/wp\/v2\/comments?post=4634"}],"version-history":[{"count":2,"href":"https:\/\/centers.ulbsibiu.ro\/ccsprise\/lact\/wp-json\/wp\/v2\/posts\/4634\/revisions"}],"predecessor-version":[{"id":4636,"href":"https:\/\/centers.ulbsibiu.ro\/ccsprise\/lact\/wp-json\/wp\/v2\/posts\/4634\/revisions\/4636"}],"wp:attachment":[{"href":"https:\/\/centers.ulbsibiu.ro\/ccsprise\/lact\/wp-json\/wp\/v2\/media?parent=4634"}],"wp:term":[{"taxonomy":"category","embeddable":true,"href":"https:\/\/centers.ulbsibiu.ro\/ccsprise\/lact\/wp-json\/wp\/v2\/categories?post=4634"},{"taxonomy":"post_tag","embeddable":true,"href":"https:\/\/centers.ulbsibiu.ro\/ccsprise\/lact\/wp-json\/wp\/v2\/tags?post=4634"}],"curies":[{"name":"wp","href":"https:\/\/api.w.org\/{rel}","templated":true}]}}