{"id":4632,"date":"2018-04-19T18:09:02","date_gmt":"2018-04-19T16:09:02","guid":{"rendered":"https:\/\/centers.ulbsibiu.ro\/ccsprise\/lact\/?p=4632"},"modified":"2018-04-19T18:09:02","modified_gmt":"2018-04-19T16:09:02","slug":"infotag-md-militarii-rusi-vor-desfasura-lectii-demonstrative-pentru-elevii-transnistreni","status":"publish","type":"post","link":"https:\/\/centers.ulbsibiu.ro\/ccsprise\/lact\/infotag-md-militarii-rusi-vor-desfasura-lectii-demonstrative-pentru-elevii-transnistreni\/","title":{"rendered":"Infotag.md &#8211; MILITARII RU\u015eI VOR DESF\u0102\u015eURA LEC\u0162II DEMONSTRATIVE PENTRU ELEVII TRANSNISTRENI"},"content":{"rendered":"<p>Militarii Grupului Operativ al Trupelor Ruse\u015fti (GOTR) din regiunea transnistrean\u0103 a Moldovei vor desf\u0103\u015fura \u201elec\u0163ii demonstrative de preg\u0103tire militar\u0103 pentru tineri\u201d.<\/p>\n<p>Potrivit agen\u0163iei INFOTAG referitor la site-ul Ministerului Ap\u0103r\u0103rii al Federa\u021biei Ruse, lec\u0163iile vor avea loc \u201ela baza GOTR \u00een cadrul educa\u021biei militar-patriotice a tinerei genera\u021bii din regiune\u201d.<\/p>\n<p>Astfel, la poligon, militarii ru\u0219i vor demonstra tinerilor \u201ecompeten\u021be profesionale \u00een executarea normelor de preg\u0103tire tactic\u0103, antiincendiu, de inginerie, precum \u0219i de ap\u0103rare radiologic\u0103, chimic\u0103 \u0219i biologic\u0103\u201d.<\/p>\n<p>Totodat\u0103, militarii ru\u0219i desf\u0103\u015foar\u0103 regulat \u00een Transnistria \u201elec\u021bii de curaj, excursii la Muzeul gloriei militare, expozi\u021bii de tehnic\u0103 militar\u0103 \u0219i alte activit\u0103\u0163i\u201d.<\/p>\n<p>Sursa:\u00a0<a href=\"http:\/\/www.infotag.md\/rebelion-ro\/262237\/\">http:\/\/www.infotag.md\/<\/a><\/p>\n","protected":false},"excerpt":{"rendered":"<p>Militarii Grupului Operativ al Trupelor Ruse\u015fti (GOTR) din regiunea transnistrean\u0103 a Moldovei vor desf\u0103\u015fura \u201elec\u0163ii demonstrative de preg\u0103tire militar\u0103 pentru tineri\u201d. Potrivit agen\u0163iei INFOTAG referitor la site-ul Ministerului Ap\u0103r\u0103rii al Federa\u021biei Ruse, lec\u0163iile vor avea loc \u201ela baza GOTR \u00een cadrul educa\u021biei militar-patriotice a tinerei genera\u021bii din regiune\u201d. Astfel, la poligon, militarii ru\u0219i vor demonstra&#8230;<\/p>\n","protected":false},"author":2,"featured_media":0,"comment_status":"closed","ping_status":"open","sticky":false,"template":"","format":"standard","meta":[],"categories":[1],"tags":[],"_links":{"self":[{"href":"https:\/\/centers.ulbsibiu.ro\/ccsprise\/lact\/wp-json\/wp\/v2\/posts\/4632"}],"collection":[{"href":"https:\/\/centers.ulbsibiu.ro\/ccsprise\/lact\/wp-json\/wp\/v2\/posts"}],"about":[{"href":"https:\/\/centers.ulbsibiu.ro\/ccsprise\/lact\/wp-json\/wp\/v2\/types\/post"}],"author":[{"embeddable":true,"href":"https:\/\/centers.ulbsibiu.ro\/ccsprise\/lact\/wp-json\/wp\/v2\/users\/2"}],"replies":[{"embeddable":true,"href":"https:\/\/centers.ulbsibiu.ro\/ccsprise\/lact\/wp-json\/wp\/v2\/comments?post=4632"}],"version-history":[{"count":1,"href":"https:\/\/centers.ulbsibiu.ro\/ccsprise\/lact\/wp-json\/wp\/v2\/posts\/4632\/revisions"}],"predecessor-version":[{"id":4633,"href":"https:\/\/centers.ulbsibiu.ro\/ccsprise\/lact\/wp-json\/wp\/v2\/posts\/4632\/revisions\/4633"}],"wp:attachment":[{"href":"https:\/\/centers.ulbsibiu.ro\/ccsprise\/lact\/wp-json\/wp\/v2\/media?parent=4632"}],"wp:term":[{"taxonomy":"category","embeddable":true,"href":"https:\/\/centers.ulbsibiu.ro\/ccsprise\/lact\/wp-json\/wp\/v2\/categories?post=4632"},{"taxonomy":"post_tag","embeddable":true,"href":"https:\/\/centers.ulbsibiu.ro\/ccsprise\/lact\/wp-json\/wp\/v2\/tags?post=4632"}],"curies":[{"name":"wp","href":"https:\/\/api.w.org\/{rel}","templated":true}]}}