{"id":4630,"date":"2018-04-19T18:05:46","date_gmt":"2018-04-19T16:05:46","guid":{"rendered":"https:\/\/centers.ulbsibiu.ro\/ccsprise\/lact\/?p=4630"},"modified":"2018-04-19T18:05:46","modified_gmt":"2018-04-19T16:05:46","slug":"ziarulnational-md-declaratie-rusia-a-intervenit-pentru-a-bloca-rezolutia-prin-care-r-moldova-cere-la-onu-retragerea-trupelor-militare-rusesti-de-pe-teritoriul-sau-documentul-are-sustinerea-ge","status":"publish","type":"post","link":"https:\/\/centers.ulbsibiu.ro\/ccsprise\/lact\/ziarulnational-md-declaratie-rusia-a-intervenit-pentru-a-bloca-rezolutia-prin-care-r-moldova-cere-la-onu-retragerea-trupelor-militare-rusesti-de-pe-teritoriul-sau-documentul-are-sustinerea-ge\/","title":{"rendered":"Ziarulnational.md &#8211; DECLARA\u021aIE \/\/ Rusia a intervenit pentru a BLOCA Rezolu\u021bia prin care R. Moldova cere, la ONU, retragerea trupelor militare ruse\u0219ti de pe teritoriul s\u0103u: Documentul are sus\u021binerea Germaniei \u0219i a SUA"},"content":{"rendered":"<p><span style=\"display: inline !important; float: none; background-color: transparent; color: #383536; font-family: 'Open Sans',sans-serif; font-size: 16px; font-style: normal; font-variant: normal; font-weight: 400; letter-spacing: normal; orphans: 2; text-align: left; text-decoration: none; text-indent: 0px; text-transform: none; -webkit-text-stroke-width: 0px; white-space: normal; word-spacing: 0px;\">Documentul privind \u201eRetragerea complet\u0103 a for\u0163elor militare str\u0103ine de pe teritoriul Republicii Moldova\u201d ar putea fi discutat \u00een timp apropiat la Adunarea General\u0103 a ONU, sus\u021bine pre\u0219edintele Parlamentului de la Chi\u0219in\u0103u, Andrian Candu. <\/span><\/p>\n<p><span style=\"display: inline !important; float: none; background-color: transparent; color: #383536; font-family: 'Open Sans',sans-serif; font-size: 16px; font-style: normal; font-variant: normal; font-weight: 400; letter-spacing: normal; orphans: 2; text-align: left; text-decoration: none; text-indent: 0px; text-transform: none; -webkit-text-stroke-width: 0px; white-space: normal; word-spacing: 0px;\"> Spicherul a declarat ast\u0103zi c\u0103, dup\u0103 \u00eenregistrarea cererii Republicii Moldova privind includerea pe agenda Adun\u0103rii Generale ONU a acestui subiect, Rusia a \u201eintervenit cu proceduri tehnice pentru a bloca rezolu\u021bia\u201d. <\/span><\/p>\n<p><span style=\"display: inline !important; float: none; background-color: transparent; color: #383536; font-family: 'Open Sans',sans-serif; font-size: 16px; font-style: normal; font-variant: normal; font-weight: 400; letter-spacing: normal; orphans: 2; text-align: left; text-decoration: none; text-indent: 0px; text-transform: none; -webkit-text-stroke-width: 0px; white-space: normal; word-spacing: 0px;\"> \u201eRezolu\u021bia va fi oricum sus\u021binut\u0103 de mai multe state. Cel mai probabil, \u00een luna iunie vom trece toate procedurile \u00een a\u0219a fel \u00eenc\u00e2t proiectul Rezolu\u021biei s\u0103 fie introdus pe ordinea de zi a Adun\u0103rii Generale a ONU. State precum Germania, SUA sau altele \u0219i-au dat deja acceptul pentru sus\u021binerea unei astfel de Rezolu\u021bii \u0219i sper c\u0103 vor fi mai multe state care vor semna chiar \u00een calitate de autori ai acestui document\u201d, a declarat Andrian Candu. <\/span><\/p>\n<p><span style=\"display: inline !important; float: none; background-color: transparent; color: #383536; font-family: 'Open Sans',sans-serif; font-size: 16px; font-style: normal; font-variant: normal; font-weight: 400; letter-spacing: normal; orphans: 2; text-align: left; text-decoration: none; text-indent: 0px; text-transform: none; -webkit-text-stroke-width: 0px; white-space: normal; word-spacing: 0px;\"> Men\u021bion\u0103m c\u0103, dup\u0103 ce Parlamentul R. Moldova a adoptat, pe 21 iulie 2017, Declara\u021bia privind retragerea for\u0163elor militare ruse de pe teritoriul \u0163\u0103rii, care solicit\u0103, \u00eentre altele, Guvernului \u015fi Pre\u015fedintelui Republicii Moldova s\u0103 promoveze adoptarea unei rezolu\u0163ii de c\u0103tre Adunarea General\u0103 a Organiza\u0163iei Na\u0163iunilor Unite privind retragerea trupelor militare ruse aflate ilegal pe teritoriul \u0163\u0103rii, Guvernul a ini\u021biat procedura de \u00eenscriere \u00een agenda sesiunii a 72-a a Adun\u0103rii Generale a ONU a unui punct intitulat \u201eRetragerea for\u0163elor militare ruse de pe teritoriul Republicii Moldova\u201d. Ulterior, cererea a fost retras\u0103.<\/span><\/p>\n<p><span style=\"display: inline !important; float: none; background-color: transparent; color: #383536; font-family: 'Open Sans',sans-serif; font-size: 16px; font-style: normal; font-variant: normal; font-weight: 400; letter-spacing: normal; orphans: 2; text-align: left; text-decoration: none; text-indent: 0px; text-transform: none; -webkit-text-stroke-width: 0px; white-space: normal; word-spacing: 0px;\"> Ini\u021biativa a fost criticat\u0103 dur de oficialii de la Moscova, iar liderul separatist de la Tiraspol, Vadim Krasnoselski, a anun\u021bat c\u0103 Transnistria ar putea cere la ONU \u201erecunoa\u0219tere interna\u021bional\u0103\u201d. <\/span><\/p>\n<p>Sursa:\u00a0<a href=\"http:\/\/www.ziarulnational.md\/declaratie-rusia-a-intervenit-pentru-a-bloca-rezolutia-prin-care-r-moldova-cere-la-onu-retragerea-trupelor-militare-rusesti-de-pe-teritoriul-sau-documentul-are-sustinerea-germaniei-si-a-sua\/\">http:\/\/www.ziarulnational.md\/<\/a><\/p>\n","protected":false},"excerpt":{"rendered":"<p>Documentul privind \u201eRetragerea complet\u0103 a for\u0163elor militare str\u0103ine de pe teritoriul Republicii Moldova\u201d ar putea fi discutat \u00een timp apropiat la Adunarea General\u0103 a ONU, sus\u021bine pre\u0219edintele Parlamentului de la Chi\u0219in\u0103u, Andrian Candu. Spicherul a declarat ast\u0103zi c\u0103, dup\u0103 \u00eenregistrarea cererii Republicii Moldova privind includerea pe agenda Adun\u0103rii Generale ONU a acestui subiect, Rusia a&#8230;<\/p>\n","protected":false},"author":2,"featured_media":0,"comment_status":"closed","ping_status":"open","sticky":false,"template":"","format":"standard","meta":[],"categories":[1],"tags":[],"_links":{"self":[{"href":"https:\/\/centers.ulbsibiu.ro\/ccsprise\/lact\/wp-json\/wp\/v2\/posts\/4630"}],"collection":[{"href":"https:\/\/centers.ulbsibiu.ro\/ccsprise\/lact\/wp-json\/wp\/v2\/posts"}],"about":[{"href":"https:\/\/centers.ulbsibiu.ro\/ccsprise\/lact\/wp-json\/wp\/v2\/types\/post"}],"author":[{"embeddable":true,"href":"https:\/\/centers.ulbsibiu.ro\/ccsprise\/lact\/wp-json\/wp\/v2\/users\/2"}],"replies":[{"embeddable":true,"href":"https:\/\/centers.ulbsibiu.ro\/ccsprise\/lact\/wp-json\/wp\/v2\/comments?post=4630"}],"version-history":[{"count":1,"href":"https:\/\/centers.ulbsibiu.ro\/ccsprise\/lact\/wp-json\/wp\/v2\/posts\/4630\/revisions"}],"predecessor-version":[{"id":4631,"href":"https:\/\/centers.ulbsibiu.ro\/ccsprise\/lact\/wp-json\/wp\/v2\/posts\/4630\/revisions\/4631"}],"wp:attachment":[{"href":"https:\/\/centers.ulbsibiu.ro\/ccsprise\/lact\/wp-json\/wp\/v2\/media?parent=4630"}],"wp:term":[{"taxonomy":"category","embeddable":true,"href":"https:\/\/centers.ulbsibiu.ro\/ccsprise\/lact\/wp-json\/wp\/v2\/categories?post=4630"},{"taxonomy":"post_tag","embeddable":true,"href":"https:\/\/centers.ulbsibiu.ro\/ccsprise\/lact\/wp-json\/wp\/v2\/tags?post=4630"}],"curies":[{"name":"wp","href":"https:\/\/api.w.org\/{rel}","templated":true}]}}