{"id":4628,"date":"2018-04-18T19:12:42","date_gmt":"2018-04-18T17:12:42","guid":{"rendered":"https:\/\/centers.ulbsibiu.ro\/ccsprise\/lact\/?p=4628"},"modified":"2018-04-18T19:12:42","modified_gmt":"2018-04-18T17:12:42","slug":"gov-md-comisia-guvernamentala-pentru-reintegrarea-tarii-s-a-intrunit-dupa-o-pauza-de-mai-bine-de-doi-ani","status":"publish","type":"post","link":"https:\/\/centers.ulbsibiu.ro\/ccsprise\/lact\/gov-md-comisia-guvernamentala-pentru-reintegrarea-tarii-s-a-intrunit-dupa-o-pauza-de-mai-bine-de-doi-ani\/","title":{"rendered":"Gov.md &#8211; Comisia guvernamental\u0103 pentru reintegrarea \u021b\u0103rii s-a \u00eentrunit dup\u0103 o pauz\u0103 de mai bine de doi ani"},"content":{"rendered":"<p>Prim-ministrul Pavel Filip a prezidat, ast\u0103zi, \u015fedin\u0163a Comisiei guvernamentale pentru reintegrarea \u0163\u0103rii, \u00een cadrul c\u0103reia au fost trecute \u00een revist\u0103 ultimele evolu\u021bii \u00een procesul de negocieri pentru reglementarea transnistrean\u0103, au fost abordate subiecte actuale legate de problematica transnistrean\u0103, precum \u0219i aspecte ce \u021bin de coordonarea proiectelor de asisten\u021b\u0103 finan\u021bate de c\u0103tre donatorii externi \u0219i care vin \u00een sus\u021binerea popula\u021biei din raioanele de est ale \u021b\u0103rii.<\/p>\n<p>\u00cen cadrul \u0219edin\u021bei, Viceprim-ministrul Cristina Lesnic a efectuat o prezentare ampl\u0103 a activit\u0103\u021bilor realizate \u00een toate platformele de negocieri \u00een perioada 01 ianuarie 2017-prezent, a dinamicii \u00eenregistrate \u00een grupurile de lucru sectoriale, cu enun\u021barea celor 8 priorit\u0103\u021bi ce se con\u021bin \u00een a\u0219a-numitul pachet Berlin plus \u0219i a rezultatelor ob\u021binute la faza de implementare a celor 5 decizii protocolare semnate \u00een anul 2017 (deschiderea podului Gura B\u00e2cului-B\u00e2cioc, apostila, \u0219colile cu predare \u00een grafia latin\u0103, terenurile din raionul Dub\u0103sari, telecomunica\u021biile), dar \u0219i specificarea m\u0103surilor \u00eentreprinse \u00een vederea solu\u021bion\u0103rii celorlalte 3 probleme primordiale (autovehiculele din regiunea transnistrean\u0103, libera circula\u021bie, situa\u021bia cauzelor penale). \u00cen context, au fost specificate \u0219i unele dificult\u0103\u021bi\/ provoc\u0103ri \u00eent\u00e2mpinate la etapa de implementare a angajamentelor asumate \u00een comun cu partea transnistrean\u0103.<\/p>\n<p>S-a men\u021bionat c\u0103 partea moldoveneasc\u0103 a insistat ca \u00een cadrul negocierilor sa fie luate \u00een vizor alte 2 priorit\u0103\u021bi referitoare la acordarea unei aten\u021bii sporite situa\u021biei din Zona de Securitate \u0219i monitorizarea respect\u0103rii drepturilor omului \u00een regiunea transnistrean\u0103, cu concretizarea concomitent\u0103 a necesit\u0103\u021bii avans\u0103rii continue \u00een procesul de aplicare a mecanismelor DCFTA \u00een regiunea transnistrean\u0103, dar \u0219i a indispensabilit\u0103\u021bii fortific\u0103rii capacit\u0103\u021bilor institu\u021bionale ale Biroului politici de reintegrare.<\/p>\n<p>Prim-ministrul Pavel Filip a eviden\u021biat necesitatea mobiliz\u0103rii eforturilor \u00een vederea dinamiz\u0103rii activit\u0103\u021bilor \u00een platformele de dialog existente, cu concentrarea principal\u0103 pe identificarea unor solu\u021bii pozitive la problemele-cheie ce figureaz\u0103 pe agenda negocierilor \u0219i la cele mai urgente dificult\u0103\u021bi cu care se confrunt\u0103 popula\u021bia de pe ambele maluri ale Nistrului, reiter\u00e2nd obligativitatea manifest\u0103rii proactive \u0219i a eficientiz\u0103rii presta\u021biei p\u0103r\u021bii moldovene\u0219ti \u00een interac\u021biunea de la nivelul grupurilor de lucru pentru consolidarea m\u0103surilor de \u00eencredere, precum \u0219i exprim\u00e2nd sus\u021binerea pentru ini\u021biativa de a consolida institu\u021bional autoritatea responsabil\u0103 de promovarea obiectivului guvernamental de reintegrare a \u021b\u0103rii.<\/p>\n<p>Referitor la programele de asisten\u021b\u0103 extern\u0103 ce vizeaz\u0103 ca beneficiari locuitorii din st\u00e2nga Nistrului, Vicepremierul Cristina Lesnic a prezentat o list\u0103 a proiectelor implementate de c\u0103tre donatorii interna\u021bionali \u00een regiunea transnistrean\u0103, punct\u00e2nd poten\u021bialele vulnerabilit\u0103\u021bi, men\u021bion\u00e2nd necesitatea coordon\u0103rii obligatorii a acestora cu autorit\u0103\u021bile de profil ale Republicii Moldova, evalu\u0103rii impactului prealabil \u0219i a contribuirii \u00eentr-o manier\u0103 productiv\u0103 la sprijinirea procesului de reglementare \u0219i la apropierea popula\u021biei de pe ambele maluri ale Nistrului.<\/p>\n<p>De asemenea, s-a precizat c\u0103 \u00een perioada 2011-2017 au fost implementate 10 programe ale activit\u0103\u0163ilor de reintegrare a \u0163\u0103rii cu alocarea a circa 82 mln. de lei \u015fi realizarea a 309 proiecte de dezvoltare \u015fi modernizare a institu\u0163iilor din sistemul educa\u0163ional, repara\u0163ie a drumurilor \u015fi cl\u0103dirilor, reconstruc\u0163ie a apeductelor, iluminare stradal\u0103, reabilitare \u015fi consolidare a serviciilor publice la nivel local etc. \u00cen anul 2018 prin acest Program urmeaz\u0103 a fi valorificate aloca\u021bii bugetare \u00een sum\u0103 de 15 mln. de lei, \u00een timpul apropiat urm\u00e2nd a fi promovat\u0103 o hot\u0103r\u00e2re de Guvern \u00een acest sens.<\/p>\n<p>Reamintim c\u0103 \u0219edin\u021ba precedent\u0103 a Comisiei guvernamentale pentru reintegrarea \u0163\u0103rii a avut loc pe data de 01 martie 2016.<\/p>\n<p>Sursa:\u00a0<a href=\"http:\/\/gov.md\/ro\/content\/comisia-guvernamentala-pentru-reintegrarea-tarii-s-intrunit-dupa-o-pauza-de-mai-bine-de-doi\">http:\/\/gov.md\/<\/a><\/p>\n","protected":false},"excerpt":{"rendered":"<p>Prim-ministrul Pavel Filip a prezidat, ast\u0103zi, \u015fedin\u0163a Comisiei guvernamentale pentru reintegrarea \u0163\u0103rii, \u00een cadrul c\u0103reia au fost trecute \u00een revist\u0103 ultimele evolu\u021bii \u00een procesul de negocieri pentru reglementarea transnistrean\u0103, au fost abordate subiecte actuale legate de problematica transnistrean\u0103, precum \u0219i aspecte ce \u021bin de coordonarea proiectelor de asisten\u021b\u0103 finan\u021bate de c\u0103tre donatorii externi \u0219i care&#8230;<\/p>\n","protected":false},"author":2,"featured_media":0,"comment_status":"closed","ping_status":"open","sticky":false,"template":"","format":"standard","meta":[],"categories":[1],"tags":[],"_links":{"self":[{"href":"https:\/\/centers.ulbsibiu.ro\/ccsprise\/lact\/wp-json\/wp\/v2\/posts\/4628"}],"collection":[{"href":"https:\/\/centers.ulbsibiu.ro\/ccsprise\/lact\/wp-json\/wp\/v2\/posts"}],"about":[{"href":"https:\/\/centers.ulbsibiu.ro\/ccsprise\/lact\/wp-json\/wp\/v2\/types\/post"}],"author":[{"embeddable":true,"href":"https:\/\/centers.ulbsibiu.ro\/ccsprise\/lact\/wp-json\/wp\/v2\/users\/2"}],"replies":[{"embeddable":true,"href":"https:\/\/centers.ulbsibiu.ro\/ccsprise\/lact\/wp-json\/wp\/v2\/comments?post=4628"}],"version-history":[{"count":1,"href":"https:\/\/centers.ulbsibiu.ro\/ccsprise\/lact\/wp-json\/wp\/v2\/posts\/4628\/revisions"}],"predecessor-version":[{"id":4629,"href":"https:\/\/centers.ulbsibiu.ro\/ccsprise\/lact\/wp-json\/wp\/v2\/posts\/4628\/revisions\/4629"}],"wp:attachment":[{"href":"https:\/\/centers.ulbsibiu.ro\/ccsprise\/lact\/wp-json\/wp\/v2\/media?parent=4628"}],"wp:term":[{"taxonomy":"category","embeddable":true,"href":"https:\/\/centers.ulbsibiu.ro\/ccsprise\/lact\/wp-json\/wp\/v2\/categories?post=4628"},{"taxonomy":"post_tag","embeddable":true,"href":"https:\/\/centers.ulbsibiu.ro\/ccsprise\/lact\/wp-json\/wp\/v2\/tags?post=4628"}],"curies":[{"name":"wp","href":"https:\/\/api.w.org\/{rel}","templated":true}]}}