{"id":4626,"date":"2018-04-17T17:46:34","date_gmt":"2018-04-17T15:46:34","guid":{"rendered":"https:\/\/centers.ulbsibiu.ro\/ccsprise\/lact\/?p=4626"},"modified":"2018-04-17T17:46:34","modified_gmt":"2018-04-17T15:46:34","slug":"promolex-md-declaratie-dupa-trei-ani-asociatia-promo-lex-reaminteste-guvernelor-moldovei-si-rusiei-despre-necesitatea-unor-eforturi-privind-asigurarea-conditiilor-optime-pentru-activitatea-aparat","status":"publish","type":"post","link":"https:\/\/centers.ulbsibiu.ro\/ccsprise\/lact\/promolex-md-declaratie-dupa-trei-ani-asociatia-promo-lex-reaminteste-guvernelor-moldovei-si-rusiei-despre-necesitatea-unor-eforturi-privind-asigurarea-conditiilor-optime-pentru-activitatea-aparat\/","title":{"rendered":"Promolex.md &#8211; DECLARA\u021aIE | Dup\u0103 trei ani, Asocia\u021bia Promo-LEX reaminte\u0219te Guvernelor Moldovei \u0219i Rusiei despre necesitatea unor eforturi privind asigurarea condi\u021biilor optime pentru activitatea ap\u0103r\u0103torilor drepturilor omului \u00een regiunea transnistrean\u0103"},"content":{"rendered":"<p>La 17 aprilie 2015, KGB-ul de la Tiraspol a publicat o declara\u0163ie prin care a anun\u021bat despre faptul pornirii unei anchete penale \u00eempotriva membrilor Asocia\u021biei Promo-LEX \u0219i aplicarea \u00eempotriva acestora a \u201dm\u0103surilor speciale de investiga\u021bii\u201d. De atunci, accesul liber \u00een regiunea transnistrean\u0103 este interzis pentru ap\u0103r\u0103torii Promo-LEX.<\/p>\n<p>Au urmat numeroase apeluri ale unor organiza\u021bii \u0219i re\u021bele interna\u021bionale, care au condamnat practica de intimidare \u0219i obstruc\u021bionare a activit\u0103\u021bii Asocia\u021biei Promo-LEX \u0219i au cerut actorilor relevan\u021bi interven\u021bia pentru asigurarea condi\u021biilor optime pentru activitatea Asocia\u021biei Promo-LEX \u00een regiunea transnistrean\u0103 a Republicii Moldova.<a href=\"https:\/\/promolex.md\/12147-declaratie-dupa-trei-ani-asociatia-promo-lex-reaminteste-guvernelor-moldovei-si-rusiei-despre-necesitatea-unor-eforturi-privind-asigurarea-conditiilor-optime-pentru-activitatea-aparatorilor-dreptur\/?lang=ro#_ftn1\" name=\"_ftnref1\">[1]<\/a><\/p>\n<p>La 29 ianuarie 2016 cazul Asocia\u021biei Promo-LEX a fost discutat la Adunarea Parlamentar\u0103 a Consiliului Europei.<a href=\"https:\/\/promolex.md\/12147-declaratie-dupa-trei-ani-asociatia-promo-lex-reaminteste-guvernelor-moldovei-si-rusiei-despre-necesitatea-unor-eforturi-privind-asigurarea-conditiilor-optime-pentru-activitatea-aparatorilor-dreptur\/?lang=ro#_ftn2\" name=\"_ftnref2\">[2]<\/a><\/p>\n<p>La 24 iunie 2016, participan\u021bii la Conferin\u021ba Organiza\u021biilor Neguvernamentale Interna\u021bionale din cadrul Consiliului Europei au adoptat o serie de recomand\u0103ri (<a href=\"http:\/\/promolex.md\/wp-content\/uploads\/2016\/08\/CONF_PLE_2016_REC1_ro_1468296689ro_.pdf\">CONF\/PLE (2016)REC1<\/a>) privind protec\u021bia ap\u0103r\u0103torilor drepturilor omului \u00een regiunea transnistrean\u0103 a Republicii Moldova cu referire la cazul Asocia\u021biei Promo-LEX<a href=\"https:\/\/promolex.md\/12147-declaratie-dupa-trei-ani-asociatia-promo-lex-reaminteste-guvernelor-moldovei-si-rusiei-despre-necesitatea-unor-eforturi-privind-asigurarea-conditiilor-optime-pentru-activitatea-aparatorilor-dreptur\/?lang=ro#_ftn3\" name=\"_ftnref3\">[3]<\/a><\/p>\n<p><a href=\"https:\/\/promolex.md\/wp-content\/uploads\/2016\/06\/public_-_AL_Other_07.12.15_10.2015_1465815062ro_.pdf\">Raportorul Special al ONU<\/a> privind Ap\u0103r\u0103torii drepturilor omului, \u00eempreun\u0103 cu al\u021bi doi Raportori speciali, \u0219i-au exprimat \u00eengrijorarea, privind presupusele proceduri penale ini\u021biate de c\u0103tre <em>KGB-ul local<\/em>, precum \u0219i aplicarea\u00a0<em>m\u0103surilor speciale de investiga\u021bii <\/em>\u00eempotriva membrilor Promo-LEX. Potrivit celor trei Raportori ONU aceste ac\u021biuni \u00eempiedic\u0103 \u00een mare m\u0103sur\u0103 exercitarea dreptului la libertatea de exprimare \u0219i desf\u0103\u0219urarea activit\u0103\u021bii de monitorizare \u0219i ap\u0103rare drepturilor omului \u00een regiune.<a href=\"https:\/\/promolex.md\/12147-declaratie-dupa-trei-ani-asociatia-promo-lex-reaminteste-guvernelor-moldovei-si-rusiei-despre-necesitatea-unor-eforturi-privind-asigurarea-conditiilor-optime-pentru-activitatea-aparatorilor-dreptur\/?lang=ro#_ftn4\" name=\"_ftnref4\">[4]<\/a><\/p>\n<p>Cei trei Raportori Speciali ai ONU au men\u021bionat c\u0103 \u201eap\u0103r\u0103torii drepturilor omului joac\u0103 un rol esen\u021bial \u00een promovarea drepturilor omului, proceselor democratice, asigurarea \u0219i men\u021binerea p\u0103cii \u0219i securit\u0103\u021bii, inclusiv \u00een zonele administrate de regimuri de facto. Locuitorii din teritoriile aflate \u00een afara controlului autorit\u0103\u021bilor constitu\u021bionale au nevoie de garan\u021bii minime privind respectarea demnit\u0103\u021bii umane \u0219i a drepturilor \u0219i libert\u0103\u021bilor lor fundamentale. Acest lucru poate fi ob\u021binut numai \u00een condi\u021biile de activitate f\u0103r\u0103 obstacole a organiza\u021biilor pentru drepturile omului, care ar efectua o monitorizare a situa\u021biei \u0219i ar elabora recomand\u0103ri pentru diverse institu\u021bii \u0219i actori relevan\u021bi.\u201d<\/p>\n<p>Autorit\u0103\u021bilor Republicii Moldova, dar \u0219i administra\u021biei de la Tiraspol, li s-au cerut m\u0103suri \u00een vederea asigur\u0103rii desf\u0103\u0219ur\u0103rii activit\u0103\u021bii Promo-LEX, \u00eentr-un mediu sigur \u0219i favorabil pe \u00eentreg teritoriul \u021b\u0103rii. Consider\u0103m c\u0103 autorit\u0103\u021bilor constitu\u021bionale le revine un rol mult mai activ \u00een vederea unor eforturi concentrate \u0219i eficiente privind realizarea obliga\u021biilor sale pozitive \u0219i a angajamentelor interna\u021bionale (inclusiv prin implementarea <em>Agendei 2030, asumat\u0103 de c\u0103tre Guvernul Moldovei, se stabile\u0219te o leg\u0103tur\u0103 clar\u0103 \u00eentre pace, securitate, justi\u021bie \u0219i dezvoltare durabil\u0103). <\/em>\u00cen acest context, \u00a0Promo-LEX a accentuat \u00een permanen\u021b\u0103 necesitatea monitoriz\u0103rii situa\u021biei privind drepturile omului \u00een teritoriul controlat de regimul de facto de la Tiraspol, cre\u0103rii unui instrument eficient \u00een vederea protec\u021biei ap\u0103r\u0103torilor drepturilor omului, precum \u0219i necesitatea combaterii fenomenului de impunitate pentru faptele celor care \u00eencalc\u0103 grav drepturile indivizilor.<\/p>\n<p>Totodat\u0103, \u00een contextul constat\u0103rilor Cur\u021bii Europene pentru Drepturile Omului pe cauzele din regiunea transnistrean\u0103 a Republicii Moldova, Guvernului Federa\u021biei Ruse i se cere s\u0103 aplice toate mijloacele necesare de influen\u021b\u0103 asupra administra\u021biei <em>de facto<\/em> din regiunea transnistrean\u0103 \u00een vederea stop\u0103rii actelor de intimidare, atacurilor \u0219i amenin\u021b\u0103rilor asupra ap\u0103r\u0103torilor drepturilor omului din regiunea transnistrean\u0103, \u00een special a ap\u0103r\u0103torilor Promo-LEX.<\/p>\n<p>Serios preocupat\u0103 de agravarea mediului \u00een care activeaz\u0103 societatea civil\u0103 \u00een regiunea transnistrean\u0103 \u0219i absen\u021ba cadrului juridic na\u021bional, care s\u0103 stabileasc\u0103 garan\u021bii clare pentru protec\u021bia ap\u0103r\u0103torilor drepturilor omului, dar \u0219i \u00een contextul anivers\u0103rii (\u00een 2018) a <a href=\"https:\/\/www.norway.no\/en\/missions\/un\/news\/news-on-human-rights-and-gender-equality\/anniversary-resolution-on-human-rights-defenders\/\">20 de ani de la adoptarea <em>Declara\u021biei ONU privind protec\u021bia ap\u0103r\u0103torilor drepturilor omului<\/em><\/a> (9 decembrie 1998), Asocia\u021bia Promo-LEX consider\u0103 c\u0103 este timpul ca ap\u0103r\u0103torii drepturilor omului \u00een Republica Moldova s\u0103 beneficieze de recunoa\u0219terea, sprijinul \u0219i protec\u021bia pe care o merit\u0103 prin activit\u0103\u021bile lor dedicate \u00een spiritul promov\u0103rii democra\u021biei \u0219i ap\u0103r\u0103rii drepturilor fundamentale ale omului.<\/p>\n<p>Asocia\u021bia Promo-LEX continu\u0103 eforturile sale \u00een vederea rezolv\u0103rii acestei probleme, \u00eens\u0103 f\u0103r\u0103 suportul real al autorit\u0103\u021bilor constitu\u021bionale, acestea nu dau nici un rezultat. \u00cen acest context, Asocia\u021bia Promo-LEX solicit\u0103 Guvernului Republicii Moldova precum \u0219i Guvernului Federa\u021biei Ruse:<\/p>\n<ul>\n<li>\u00cendeplinirea obliga\u021biilor interna\u021bionale asumate, ca urmare a recomand\u0103rilor structurilor ONU \u0219i APCE;<\/li>\n<li>Investigarea sub toate aspectele a cazului de intimidare a membrilor Asocia\u021biei Promo-LEX;<\/li>\n<li>Insistarea asupra includerii pe agenda \u0219edin\u021belor \u00een formatul \u201e5+2\u201d a chestiunii privind ac\u021biunile <em>KGB<\/em> la adresa Asocia\u021biei Promo-LEX la general, dar \u0219i asupra mediului de activitate al organiza\u021biilor neguvernamentale \u00een vederea monitoriz\u0103rii situa\u021biei privind drepturile omului.<\/li>\n<\/ul>\n<p><a href=\"https:\/\/promolex.md\/12147-declaratie-dupa-trei-ani-asociatia-promo-lex-reaminteste-guvernelor-moldovei-si-rusiei-despre-necesitatea-unor-eforturi-privind-asigurarea-conditiilor-optime-pentru-activitatea-aparatorilor-dreptur\/?lang=ro#_ftnref1\" name=\"_ftn1\">[1]<\/a> a. <a href=\"https:\/\/promolex.md\/2428-moldova-hartuirea-judiciara-de-catre-comitetul-de-securitate-din-transnistria-a-asociatiei-promo-lex-organizatie-membra-a-fidh\/?lang=ro\">https:\/\/promolex.md\/2428-moldova-hartuirea-judiciara-de-catre-comitetul-de-securitate-din-transnistria-a-asociatiei-promo-lex-organizatie-membra-a-fidh\/?lang=ro<\/a><\/p>\n<ol>\n<li><a href=\"https:\/\/promolex.md\/2423-organizatiile-societatii-civile-condamna-asa-zisa-urmarire-penala-initiata-impotriva-asociatiei-promo-lex\/?lang=ro\">https:\/\/promolex.md\/2423-organizatiile-societatii-civile-condamna-asa-zisa-urmarire-penala-initiata-impotriva-asociatiei-promo-lex\/?lang=ro<\/a><\/li>\n<li><a href=\"https:\/\/promolex.md\/2405-hartuirea-judiciara-a-organizatiilor-societatii-civile-in-regiunea-transnistreana-trebuie-oprita\/?lang=ro\">https:\/\/promolex.md\/2405-hartuirea-judiciara-a-organizatiilor-societatii-civile-in-regiunea-transnistreana-trebuie-oprita\/?lang=ro<\/a><\/li>\n<li><a href=\"https:\/\/promolex.md\/2409-acuzatii-false-impotriva-organizatiei-pentru-drepturile-omului-promo-lex\/?lang=ro\">https:\/\/promolex.md\/2409-acuzatii-false-impotriva-organizatiei-pentru-drepturile-omului-promo-lex\/?lang=ro<\/a><\/li>\n<li><a href=\"https:\/\/promolex.md\/2417-hartuirea-organizatiilor-societatii-civile-s-a-intensificat-in-regiunea-transnistreana-a-republicii-moldova\/?lang=ro\">https:\/\/promolex.md\/2417-hartuirea-organizatiilor-societatii-civile-s-a-intensificat-in-regiunea-transnistreana-a-republicii-moldova\/?lang=ro<\/a><\/li>\n<li><a href=\"https:\/\/promolex.md\/2380-human-rights-without-frontiers-international-hrwf-despre-drepturile-omului-in-regiunea-transnistreana-si-cazul-promo-lex\/?lang=ro\">https:\/\/promolex.md\/2380-human-rights-without-frontiers-international-hrwf-despre-drepturile-omului-in-regiunea-transnistreana-si-cazul-promo-lex\/?lang=ro<\/a><\/li>\n<li><a href=\"https:\/\/promolex.md\/2411-promo-lex-despre-acuzatiile-comitetului-de-securitate-de-la-tiraspol\/?lang=ro\">https:\/\/promolex.md\/2411-promo-lex-despre-acuzatiile-comitetului-de-securitate-de-la-tiraspol\/?lang=ro<\/a><\/li>\n<\/ol>\n<p><a href=\"https:\/\/promolex.md\/12147-declaratie-dupa-trei-ani-asociatia-promo-lex-reaminteste-guvernelor-moldovei-si-rusiei-despre-necesitatea-unor-eforturi-privind-asigurarea-conditiilor-optime-pentru-activitatea-aparatorilor-dreptur\/?lang=ro#_ftnref2\" name=\"_ftn2\">[2]<\/a> <a href=\"https:\/\/promolex.md\/1637-adunarea-parlamentara-a-consiliului-europei-cere-o-mai-buna-protectie-pentru-aparatorii-drepturilor-omului-si-ong-uri\/?lang=ro\">https:\/\/promolex.md\/1637-adunarea-parlamentara-a-consiliului-europei-cere-o-mai-buna-protectie-pentru-aparatorii-drepturilor-omului-si-ong-uri\/?lang=ro<\/a><\/p>\n<p><a href=\"https:\/\/promolex.md\/12147-declaratie-dupa-trei-ani-asociatia-promo-lex-reaminteste-guvernelor-moldovei-si-rusiei-despre-necesitatea-unor-eforturi-privind-asigurarea-conditiilor-optime-pentru-activitatea-aparatorilor-dreptur\/?lang=ro#_ftnref3\" name=\"_ftn3\">[3]<\/a> <a href=\"https:\/\/promolex.md\/wp-content\/uploads\/2016\/08\/CONF_PLE_2016_REC1_ro_1468296689ro_.pdf\">https:\/\/promolex.md\/wp-content\/uploads\/2016\/08\/CONF_PLE_2016_REC1_ro_1468296689ro_.pdf<\/a><\/p>\n<p><a href=\"https:\/\/promolex.md\/12147-declaratie-dupa-trei-ani-asociatia-promo-lex-reaminteste-guvernelor-moldovei-si-rusiei-despre-necesitatea-unor-eforturi-privind-asigurarea-conditiilor-optime-pentru-activitatea-aparatorilor-dreptur\/?lang=ro#_ftnref4\" name=\"_ftn4\">[4]<\/a> <a href=\"https:\/\/promolex.md\/1908-onu-geneva-cazul-promo-lex-in-vizorul-consiliului-onu-pentru-drepturile-omului\/?lang=ro\">https:\/\/promolex.md\/1908-onu-geneva-cazul-promo-lex-in-vizorul-consiliului-onu-pentru-drepturile-omului\/?lang=ro<\/a><\/p>\n<p>&nbsp;<\/p>\n<p>Sursa:\u00a0<a href=\"https:\/\/promolex.md\/12147-declaratie-dupa-trei-ani-asociatia-promo-lex-reaminteste-guvernelor-moldovei-si-rusiei-despre-necesitatea-unor-eforturi-privind-asigurarea-conditiilor-optime-pentru-activitatea-aparatorilor-dreptur\/?lang=ro\">https:\/\/promolex.md\/<\/a><\/p>\n","protected":false},"excerpt":{"rendered":"<p>La 17 aprilie 2015, KGB-ul de la Tiraspol a publicat o declara\u0163ie prin care a anun\u021bat despre faptul pornirii unei anchete penale \u00eempotriva membrilor Asocia\u021biei Promo-LEX \u0219i aplicarea \u00eempotriva acestora a \u201dm\u0103surilor speciale de investiga\u021bii\u201d. De atunci, accesul liber \u00een regiunea transnistrean\u0103 este interzis pentru ap\u0103r\u0103torii Promo-LEX. Au urmat numeroase apeluri ale unor organiza\u021bii \u0219i&#8230;<\/p>\n","protected":false},"author":2,"featured_media":0,"comment_status":"closed","ping_status":"open","sticky":false,"template":"","format":"standard","meta":[],"categories":[1],"tags":[],"_links":{"self":[{"href":"https:\/\/centers.ulbsibiu.ro\/ccsprise\/lact\/wp-json\/wp\/v2\/posts\/4626"}],"collection":[{"href":"https:\/\/centers.ulbsibiu.ro\/ccsprise\/lact\/wp-json\/wp\/v2\/posts"}],"about":[{"href":"https:\/\/centers.ulbsibiu.ro\/ccsprise\/lact\/wp-json\/wp\/v2\/types\/post"}],"author":[{"embeddable":true,"href":"https:\/\/centers.ulbsibiu.ro\/ccsprise\/lact\/wp-json\/wp\/v2\/users\/2"}],"replies":[{"embeddable":true,"href":"https:\/\/centers.ulbsibiu.ro\/ccsprise\/lact\/wp-json\/wp\/v2\/comments?post=4626"}],"version-history":[{"count":1,"href":"https:\/\/centers.ulbsibiu.ro\/ccsprise\/lact\/wp-json\/wp\/v2\/posts\/4626\/revisions"}],"predecessor-version":[{"id":4627,"href":"https:\/\/centers.ulbsibiu.ro\/ccsprise\/lact\/wp-json\/wp\/v2\/posts\/4626\/revisions\/4627"}],"wp:attachment":[{"href":"https:\/\/centers.ulbsibiu.ro\/ccsprise\/lact\/wp-json\/wp\/v2\/media?parent=4626"}],"wp:term":[{"taxonomy":"category","embeddable":true,"href":"https:\/\/centers.ulbsibiu.ro\/ccsprise\/lact\/wp-json\/wp\/v2\/categories?post=4626"},{"taxonomy":"post_tag","embeddable":true,"href":"https:\/\/centers.ulbsibiu.ro\/ccsprise\/lact\/wp-json\/wp\/v2\/tags?post=4626"}],"curies":[{"name":"wp","href":"https:\/\/api.w.org\/{rel}","templated":true}]}}