{"id":4624,"date":"2018-04-17T17:07:13","date_gmt":"2018-04-17T15:07:13","guid":{"rendered":"https:\/\/centers.ulbsibiu.ro\/ccsprise\/lact\/?p=4624"},"modified":"2018-04-17T17:07:13","modified_gmt":"2018-04-17T15:07:13","slug":"ziarulnational-md-ucraina-gata-sa-ofere-coridor-pentru-retragerea-trupelor-ruse-din-transnistria","status":"publish","type":"post","link":"https:\/\/centers.ulbsibiu.ro\/ccsprise\/lact\/ziarulnational-md-ucraina-gata-sa-ofere-coridor-pentru-retragerea-trupelor-ruse-din-transnistria\/","title":{"rendered":"Ziarulnational.md &#8211; Ucraina, GATA s\u0103 ofere coridor pentru retragerea trupelor ruse din Transnistria"},"content":{"rendered":"<p>Ucraina este preg\u0103tit\u0103 s\u0103 ofere un coridor pentru retragerea trupelor ruse\u0219ti din Transnistria, de \u00eendat\u0103 ce Rusia va \u00eencepe acest proces, a declarat Viktor Kr\u00eejanovski, reprezentantul special al Ucrainei la negocierile privind reglementarea transnistrean\u0103, citat de Interfax-Ukraina.<\/p>\n<p>\u201ePozi\u021bia noastr\u0103 r\u0103m\u00e2ne neschimbat\u0103. Le vom oferi coridor, cu asigurarea retragerii nestingherite \u0219i \u00een condi\u021bii de siguran\u021b\u0103 a trupelor \u0219i muni\u021biilor ruse\u0219ti din Transnistria, de \u00eendat\u0103 ce Rusia va \u00eencepe acest proces sau cel pu\u021bin \u00eel va anun\u021ba\u201c, a spus Kr\u00eejanovski ast\u0103zi, \u00eentr-o conferin\u021b\u0103 de pres\u0103 sus\u021binut\u0103 la Kiev.<\/p>\n<p>De altfel, diplomatul a remarcat faptul c\u0103 \u00een Rusia nu exist\u0103 disponibilitatea de a-\u0219i retrage trupele \u201e\u0219i ei se vor ag\u0103\u021ba de tot felul de pretexte\u201c.<\/p>\n<p>\u201eChiar ieri, vicepremierul rus Rogozin a scris c\u0103 ei nu vor face acest lucru, deoarece s-ar putea destabiliza situa\u021bia. Iar \u00een Duma de Stat politicienii spun c\u0103 situa\u021bia instabil\u0103 din Ucraina nu permite transferul de muni\u021bii peste acest teritoriu. Pove\u0219ti pentru nevrotici\u201d, a remarcat reprezentantul special al Ucrainei.<\/p>\n<p>La r\u00e2ndul s\u0103u, ambasadorul Moldovei \u00een Ucraina, Ruslan Bolbocean a men\u021bionat c\u0103 Chi\u0219in\u0103ul insist\u0103 oficial asupra retragerii for\u021belor ruse, \u00een conformitate cu obliga\u021biile interna\u021bionale asumate de Rusia.<\/p>\n<p>\u201eSuntem \u00eengrijora\u021bi cu privire la desf\u0103\u0219urarea exerci\u021biilor militare pe teritoriul Transnistriei, reclmam acest lucru pe diferite platforme interna\u021bionale. Potrivit unor rapoarte, anul trecut au fost aproximativ 300 de astfel de exerci\u021bii. Acest lucru ne pune \u00een gard\u0103\u201d, a spus diplomatul moldovean.<\/p>\n<p>Sursa:\u00a0<a href=\"http:\/\/www.ziarulnational.md\/ucraina-gata-sa-ofere-coridor-pentru-retragerea-trupelor-ruse-din-transnistria\/\">http:\/\/www.ziarulnational.md\/<\/a><\/p>\n","protected":false},"excerpt":{"rendered":"<p>Ucraina este preg\u0103tit\u0103 s\u0103 ofere un coridor pentru retragerea trupelor ruse\u0219ti din Transnistria, de \u00eendat\u0103 ce Rusia va \u00eencepe acest proces, a declarat Viktor Kr\u00eejanovski, reprezentantul special al Ucrainei la negocierile privind reglementarea transnistrean\u0103, citat de Interfax-Ukraina. \u201ePozi\u021bia noastr\u0103 r\u0103m\u00e2ne neschimbat\u0103. Le vom oferi coridor, cu asigurarea retragerii nestingherite \u0219i \u00een condi\u021bii de siguran\u021b\u0103 a&#8230;<\/p>\n","protected":false},"author":2,"featured_media":0,"comment_status":"closed","ping_status":"open","sticky":false,"template":"","format":"standard","meta":[],"categories":[1],"tags":[],"_links":{"self":[{"href":"https:\/\/centers.ulbsibiu.ro\/ccsprise\/lact\/wp-json\/wp\/v2\/posts\/4624"}],"collection":[{"href":"https:\/\/centers.ulbsibiu.ro\/ccsprise\/lact\/wp-json\/wp\/v2\/posts"}],"about":[{"href":"https:\/\/centers.ulbsibiu.ro\/ccsprise\/lact\/wp-json\/wp\/v2\/types\/post"}],"author":[{"embeddable":true,"href":"https:\/\/centers.ulbsibiu.ro\/ccsprise\/lact\/wp-json\/wp\/v2\/users\/2"}],"replies":[{"embeddable":true,"href":"https:\/\/centers.ulbsibiu.ro\/ccsprise\/lact\/wp-json\/wp\/v2\/comments?post=4624"}],"version-history":[{"count":1,"href":"https:\/\/centers.ulbsibiu.ro\/ccsprise\/lact\/wp-json\/wp\/v2\/posts\/4624\/revisions"}],"predecessor-version":[{"id":4625,"href":"https:\/\/centers.ulbsibiu.ro\/ccsprise\/lact\/wp-json\/wp\/v2\/posts\/4624\/revisions\/4625"}],"wp:attachment":[{"href":"https:\/\/centers.ulbsibiu.ro\/ccsprise\/lact\/wp-json\/wp\/v2\/media?parent=4624"}],"wp:term":[{"taxonomy":"category","embeddable":true,"href":"https:\/\/centers.ulbsibiu.ro\/ccsprise\/lact\/wp-json\/wp\/v2\/categories?post=4624"},{"taxonomy":"post_tag","embeddable":true,"href":"https:\/\/centers.ulbsibiu.ro\/ccsprise\/lact\/wp-json\/wp\/v2\/tags?post=4624"}],"curies":[{"name":"wp","href":"https:\/\/api.w.org\/{rel}","templated":true}]}}