{"id":4620,"date":"2018-04-14T18:36:31","date_gmt":"2018-04-14T16:36:31","guid":{"rendered":"https:\/\/centers.ulbsibiu.ro\/ccsprise\/lact\/?p=4620"},"modified":"2018-04-14T18:36:31","modified_gmt":"2018-04-14T16:36:31","slug":"ziarulnational-md-sfidare-rogozin-declara-din-nou-ca-rusia-nu-si-va-retrage-trupele-militare-din-transnistria","status":"publish","type":"post","link":"https:\/\/centers.ulbsibiu.ro\/ccsprise\/lact\/ziarulnational-md-sfidare-rogozin-declara-din-nou-ca-rusia-nu-si-va-retrage-trupele-militare-din-transnistria\/","title":{"rendered":"Ziarulnational.md &#8211; SFIDARE \/\/ Rogozin declar\u0103 din nou c\u0103 Rusia NU-\u0219i va retrage trupele militare din Transnistria"},"content":{"rendered":"<p>Moscova nu va admite lichidarea a\u0219a-zisei misiuni de men\u021binere a p\u0103cii din Transnistria, declar\u0103 vicepremierul rus Dmitri Rogozin. Mai mult dec\u00e2t at\u00e2t, el las\u0103 s\u0103 se \u00een\u021beleag\u0103 c\u0103 opinia oficialit\u0103\u021bilor de la Chi\u0219in\u0103u cu privire la prezen\u021ba militar\u0103 rus\u0103 pe teritoriul Republicii Moldova intereseaz\u0103 nu are nicio importan\u021b\u0103 pentru Kremlin.<\/p>\n<p>\u201eNoi nu vom admite degradarea statutului Transnistriei, unde locuiesc cona\u021bionalii no\u0219tri, \u0219i nu vom accepta desfiin\u021barea misiunii noastre de pacificare\u201d, a scris Rogozin \u00eentr-un mesaj pe pagina sa de Facebook, postat \u00een replic\u0103 la solicitarea premierului Pavel Filip cu privire la asigurarea unui \u201ecoridor verde\u201d prin Ucraina necesar pentru retragerea trupelor ruse.<\/p>\n<p>Vicepremierul rus a l\u0103sat clar s\u0103 se \u00een\u021beleag\u0103 c\u0103 p\u0103rerea Chi\u0219in\u0103ului nu intereseaz\u0103 Moscova, transmite <a href=\"http:\/\/radiochisinau.md\/o-noua-sfidare-marca-rogozin-rusia-nu-va-admite-retragerea-trupelor-sale-din-transnistria---66143.html\" target=\"_blank\" rel=\"noopener\">\u201eRadio Chi\u0219in\u0103u\u201d<\/a>.<\/p>\n<p>\u201eNu ne facem niciun fel de iluzii cu privire la situa\u021bia real\u0103 din Republica Moldova, Guvernul c\u0103reia este controlat de manipulatorul \u0219i mafiotul Vlad Plahotniuc\u201d, scrie Dmitri Rogozin.<\/p>\n<p>Potrivit oficialului rus, Moscova caut\u0103 \u0219i g\u0103se\u0219te solu\u021bii pentru \u201etoate provoc\u0103rile Chi\u0219in\u0103ului \u0219i Occidentului pentru a agrava blocada acestei republici nerecunoscute (Transnistria \u2013 n.red.)\u201d.<\/p>\n<p>Sursa:\u00a0<a href=\"http:\/\/www.ziarulnational.md\/sfidare-rogozin-declara-din-nou-ca-rusia-nu-si-va-retrage-trupele-militare-din-transnistria\/\">http:\/\/www.ziarulnational.md\/<\/a><\/p>\n","protected":false},"excerpt":{"rendered":"<p>Moscova nu va admite lichidarea a\u0219a-zisei misiuni de men\u021binere a p\u0103cii din Transnistria, declar\u0103 vicepremierul rus Dmitri Rogozin. Mai mult dec\u00e2t at\u00e2t, el las\u0103 s\u0103 se \u00een\u021beleag\u0103 c\u0103 opinia oficialit\u0103\u021bilor de la Chi\u0219in\u0103u cu privire la prezen\u021ba militar\u0103 rus\u0103 pe teritoriul Republicii Moldova intereseaz\u0103 nu are nicio importan\u021b\u0103 pentru Kremlin. \u201eNoi nu vom admite degradarea&#8230;<\/p>\n","protected":false},"author":2,"featured_media":0,"comment_status":"closed","ping_status":"open","sticky":false,"template":"","format":"standard","meta":[],"categories":[1],"tags":[],"_links":{"self":[{"href":"https:\/\/centers.ulbsibiu.ro\/ccsprise\/lact\/wp-json\/wp\/v2\/posts\/4620"}],"collection":[{"href":"https:\/\/centers.ulbsibiu.ro\/ccsprise\/lact\/wp-json\/wp\/v2\/posts"}],"about":[{"href":"https:\/\/centers.ulbsibiu.ro\/ccsprise\/lact\/wp-json\/wp\/v2\/types\/post"}],"author":[{"embeddable":true,"href":"https:\/\/centers.ulbsibiu.ro\/ccsprise\/lact\/wp-json\/wp\/v2\/users\/2"}],"replies":[{"embeddable":true,"href":"https:\/\/centers.ulbsibiu.ro\/ccsprise\/lact\/wp-json\/wp\/v2\/comments?post=4620"}],"version-history":[{"count":1,"href":"https:\/\/centers.ulbsibiu.ro\/ccsprise\/lact\/wp-json\/wp\/v2\/posts\/4620\/revisions"}],"predecessor-version":[{"id":4621,"href":"https:\/\/centers.ulbsibiu.ro\/ccsprise\/lact\/wp-json\/wp\/v2\/posts\/4620\/revisions\/4621"}],"wp:attachment":[{"href":"https:\/\/centers.ulbsibiu.ro\/ccsprise\/lact\/wp-json\/wp\/v2\/media?parent=4620"}],"wp:term":[{"taxonomy":"category","embeddable":true,"href":"https:\/\/centers.ulbsibiu.ro\/ccsprise\/lact\/wp-json\/wp\/v2\/categories?post=4620"},{"taxonomy":"post_tag","embeddable":true,"href":"https:\/\/centers.ulbsibiu.ro\/ccsprise\/lact\/wp-json\/wp\/v2\/tags?post=4620"}],"curies":[{"name":"wp","href":"https:\/\/api.w.org\/{rel}","templated":true}]}}