{"id":4618,"date":"2018-04-13T20:14:33","date_gmt":"2018-04-13T18:14:33","guid":{"rendered":"https:\/\/centers.ulbsibiu.ro\/ccsprise\/lact\/?p=4618"},"modified":"2018-04-13T20:14:33","modified_gmt":"2018-04-13T18:14:33","slug":"infotag-md-chisinaul-si-tiraspolul-considera-ca-problema-transportului-auto-este-una-prioritara-si-incearca-sa-gaseasca-o-solutie","status":"publish","type":"post","link":"https:\/\/centers.ulbsibiu.ro\/ccsprise\/lact\/infotag-md-chisinaul-si-tiraspolul-considera-ca-problema-transportului-auto-este-una-prioritara-si-incearca-sa-gaseasca-o-solutie\/","title":{"rendered":"Infotag.md &#8211; CHI\u015eIN\u0102UL \u015eI TIRASPOLUL CONSIDER\u0102 C\u0102 PROBLEMA TRANSPORTULUI AUTO ESTE UNA PRIORITAR\u0102 \u015eI \u00ceNCEARC\u0102 S\u0102 G\u0102SEASC\u0102 O SOLU\u0162IE"},"content":{"rendered":"<p>Chi\u015fin\u0103ul \u015fi Tiraspolul consider\u0103 c\u0103 problema \u00eenmatricul\u0103rii transportului auto transnistrean pentru ca acesta s\u0103 poat\u0103 participa la traficul rutier interna\u0163ional trebuie solu\u0163ionat\u0103 \u00een mod prioritar. Potrivit agen\u0163iei INFOTAG, despre aceasta se men\u0163ioneaz\u0103 \u00eentr-un comunicat al Biroului pentru Politici de Reintegrare.<\/p>\n<p>\u00cen ajun, reprezentan\u021bii politici \u00een procesul de negocieri pentru reglementarea transnistrean\u0103 din partea Chi\u0219in\u0103ului \u0219i Tiraspolului, Cristina Lesnic \u0219i Vitalii Ignatiev, au participat la o nou\u0103 \u0219edin\u021b\u0103 a grupurilor de lucru pentru dezvoltarea transportului auto \u0219i infrastructurii drumurilor. \u015eedin\u0163a s-a desf\u0103\u015furat la sediul din Chi\u015fin\u0103u al Misiunii OSCE \u00een Moldova.<\/p>\n<p>\u201eSubiectul accederii \u00een traficul rutier interna\u021bional a mijloacelor de transport din regiunea transnistrean\u0103 \u0219i necesitatea identific\u0103rii de c\u0103tre p\u0103r\u021bi a unui mecanism viabil \u00een acest sens este un angajament agreat \u00een formatul de negocieri \u201e5+2\u201d \u0219i este una dintre cele opt priorit\u0103\u021bi ce se con\u021bin \u00een a\u0219a-numitul pachet Berlin plus. P\u0103r\u0163ile au c\u0103zut de acord c\u0103 sunt depuse eforturi sporite \u00een vederea solu\u021bion\u0103rii \u00een regim prioritar a acestei probleme\u201d, se arat\u0103 \u00een comunicat.<\/p>\n<p>La final, p\u0103r\u0163ile au stabilit c\u0103 este necesar\u0103 continuarea dialogului at\u00e2t la nivel de exper\u021bi, c\u00e2t \u0219i la nivel de reprezentan\u021bi politici \u00eentru identificarea unor solu\u021bii viabile \u0219i au convenit ca urm\u0103toarea \u0219edin\u021b\u0103 a grupurilor de lucru s\u0103 fie organizat\u0103 pe parcursul s\u0103pt\u0103m\u00e2nii urm\u0103toare.<\/p>\n<p>Sursa:\u00a0<a href=\"http:\/\/www.infotag.md\/rebelion-ro\/262071\/\">http:\/\/www.infotag.md\/<\/a><\/p>\n","protected":false},"excerpt":{"rendered":"<p>Chi\u015fin\u0103ul \u015fi Tiraspolul consider\u0103 c\u0103 problema \u00eenmatricul\u0103rii transportului auto transnistrean pentru ca acesta s\u0103 poat\u0103 participa la traficul rutier interna\u0163ional trebuie solu\u0163ionat\u0103 \u00een mod prioritar. Potrivit agen\u0163iei INFOTAG, despre aceasta se men\u0163ioneaz\u0103 \u00eentr-un comunicat al Biroului pentru Politici de Reintegrare. \u00cen ajun, reprezentan\u021bii politici \u00een procesul de negocieri pentru reglementarea transnistrean\u0103 din partea Chi\u0219in\u0103ului \u0219i&#8230;<\/p>\n","protected":false},"author":2,"featured_media":0,"comment_status":"closed","ping_status":"open","sticky":false,"template":"","format":"standard","meta":[],"categories":[1],"tags":[],"_links":{"self":[{"href":"https:\/\/centers.ulbsibiu.ro\/ccsprise\/lact\/wp-json\/wp\/v2\/posts\/4618"}],"collection":[{"href":"https:\/\/centers.ulbsibiu.ro\/ccsprise\/lact\/wp-json\/wp\/v2\/posts"}],"about":[{"href":"https:\/\/centers.ulbsibiu.ro\/ccsprise\/lact\/wp-json\/wp\/v2\/types\/post"}],"author":[{"embeddable":true,"href":"https:\/\/centers.ulbsibiu.ro\/ccsprise\/lact\/wp-json\/wp\/v2\/users\/2"}],"replies":[{"embeddable":true,"href":"https:\/\/centers.ulbsibiu.ro\/ccsprise\/lact\/wp-json\/wp\/v2\/comments?post=4618"}],"version-history":[{"count":1,"href":"https:\/\/centers.ulbsibiu.ro\/ccsprise\/lact\/wp-json\/wp\/v2\/posts\/4618\/revisions"}],"predecessor-version":[{"id":4619,"href":"https:\/\/centers.ulbsibiu.ro\/ccsprise\/lact\/wp-json\/wp\/v2\/posts\/4618\/revisions\/4619"}],"wp:attachment":[{"href":"https:\/\/centers.ulbsibiu.ro\/ccsprise\/lact\/wp-json\/wp\/v2\/media?parent=4618"}],"wp:term":[{"taxonomy":"category","embeddable":true,"href":"https:\/\/centers.ulbsibiu.ro\/ccsprise\/lact\/wp-json\/wp\/v2\/categories?post=4618"},{"taxonomy":"post_tag","embeddable":true,"href":"https:\/\/centers.ulbsibiu.ro\/ccsprise\/lact\/wp-json\/wp\/v2\/tags?post=4618"}],"curies":[{"name":"wp","href":"https:\/\/api.w.org\/{rel}","templated":true}]}}