{"id":4614,"date":"2018-04-12T19:12:06","date_gmt":"2018-04-12T17:12:06","guid":{"rendered":"https:\/\/centers.ulbsibiu.ro\/ccsprise\/lact\/?p=4614"},"modified":"2018-04-12T19:12:06","modified_gmt":"2018-04-12T17:12:06","slug":"infotag-md-de-la-inceputul-anului-au-avut-loc-10-sedinte-ale-grupurilor-de-experti-ai-chisinaului-si-tiraspolului-pentru-dezvoltarea-transportului","status":"publish","type":"post","link":"https:\/\/centers.ulbsibiu.ro\/ccsprise\/lact\/infotag-md-de-la-inceputul-anului-au-avut-loc-10-sedinte-ale-grupurilor-de-experti-ai-chisinaului-si-tiraspolului-pentru-dezvoltarea-transportului\/","title":{"rendered":"Infotag.md &#8211; DE LA \u00ceNCEPUTUL ANULUI AU AVUT LOC 10 \u015eEDIN\u0162E ALE GRUPURILOR DE EXPER\u0162I AI CHI\u015eIN\u0102ULUI \u015eI TIRASPOLULUI PENTRU DEZVOLTAREA TRANSPORTULUI"},"content":{"rendered":"<p>De la \u00eenceputul anului au avut loc 10 \u00eentrevederi ale grupurilor de exper\u0163i ai Chi\u015fin\u0103ului \u015fi Tiraspolului pentru dezvoltarea transportului auto \u0219i infrastructurii drumurilor. Surse din cadrul Biroului Politici pentru Reintegrare au comunicat pentru INFOTAG c\u0103 aceast\u0103 informa\u0163ie a fost prezentat\u0103 de viceprim-ministrul Cristina Lesnic la \u00eentrevederea de miercuri cu Ambasadorul Cehiei \u00een Republica Moldova, Zdenek Krejci.<\/p>\n<p>Vicepremierul a men\u0163ionat c\u0103 la \u00eentrevederi exper\u021bii tehnici au fost \u00eenso\u021bi\u021bi de reprezentan\u021bii politici ai p\u0103r\u0163ilor. Potrivit ei, dinamica grupurilor de lucru sectoriale este una \u201e\u00eencurajatoare\u201d.<\/p>\n<p>\u201eSunt efectuate eforturi consistente \u00eentru elaborarea unui mecanism viabil pentru admiterea autovehiculelor din regiunea transnistrean\u0103 \u00een traficul rutier interna\u021bional\u201d, a subliniat Lesnic.<\/p>\n<p>Potrivit comunicatului, \u00een cadrul \u00eentrevederii oficialii au abordat ultimele evolu\u021bii \u00een cadrul procesului de negocieri \u00een reglementarea transnistrean\u0103. Cristina Lesnic a specificat c\u0103 Chi\u0219in\u0103ul se va baza pe implementarea deciziilor protocolare semnate anterior, punct\u00e2nd c\u0103, adi\u021bional la priorit\u0103\u021bile ce figureaz\u0103 \u00een a\u0219a-numitul pachet Berlin plus, se va acorda o aten\u021bie sporit\u0103 asigur\u0103rii respect\u0103rii drepturilor omului, situa\u021biei din Zona de Securitate \u0219i aspectelor de actualitate din sfera financiar-bancar\u0103.<\/p>\n<p>Oficialul european a apreciat drept pozitive ultimele tendin\u021be din cadrul negocierilor \u0219i \u015fi-a exprimat speran\u021ba c\u0103 \u00een timpul apropiat se va g\u0103si consens \u00een rezolvarea celor mai stringente probleme.<\/p>\n<p>Sursa:\u00a0<a href=\"http:\/\/www.infotag.md\/rebelion-ro\/262011\/\">http:\/\/www.infotag.md\/<\/a><\/p>\n","protected":false},"excerpt":{"rendered":"<p>De la \u00eenceputul anului au avut loc 10 \u00eentrevederi ale grupurilor de exper\u0163i ai Chi\u015fin\u0103ului \u015fi Tiraspolului pentru dezvoltarea transportului auto \u0219i infrastructurii drumurilor. Surse din cadrul Biroului Politici pentru Reintegrare au comunicat pentru INFOTAG c\u0103 aceast\u0103 informa\u0163ie a fost prezentat\u0103 de viceprim-ministrul Cristina Lesnic la \u00eentrevederea de miercuri cu Ambasadorul Cehiei \u00een Republica Moldova,&#8230;<\/p>\n","protected":false},"author":2,"featured_media":0,"comment_status":"closed","ping_status":"open","sticky":false,"template":"","format":"standard","meta":[],"categories":[1],"tags":[],"_links":{"self":[{"href":"https:\/\/centers.ulbsibiu.ro\/ccsprise\/lact\/wp-json\/wp\/v2\/posts\/4614"}],"collection":[{"href":"https:\/\/centers.ulbsibiu.ro\/ccsprise\/lact\/wp-json\/wp\/v2\/posts"}],"about":[{"href":"https:\/\/centers.ulbsibiu.ro\/ccsprise\/lact\/wp-json\/wp\/v2\/types\/post"}],"author":[{"embeddable":true,"href":"https:\/\/centers.ulbsibiu.ro\/ccsprise\/lact\/wp-json\/wp\/v2\/users\/2"}],"replies":[{"embeddable":true,"href":"https:\/\/centers.ulbsibiu.ro\/ccsprise\/lact\/wp-json\/wp\/v2\/comments?post=4614"}],"version-history":[{"count":1,"href":"https:\/\/centers.ulbsibiu.ro\/ccsprise\/lact\/wp-json\/wp\/v2\/posts\/4614\/revisions"}],"predecessor-version":[{"id":4615,"href":"https:\/\/centers.ulbsibiu.ro\/ccsprise\/lact\/wp-json\/wp\/v2\/posts\/4614\/revisions\/4615"}],"wp:attachment":[{"href":"https:\/\/centers.ulbsibiu.ro\/ccsprise\/lact\/wp-json\/wp\/v2\/media?parent=4614"}],"wp:term":[{"taxonomy":"category","embeddable":true,"href":"https:\/\/centers.ulbsibiu.ro\/ccsprise\/lact\/wp-json\/wp\/v2\/categories?post=4614"},{"taxonomy":"post_tag","embeddable":true,"href":"https:\/\/centers.ulbsibiu.ro\/ccsprise\/lact\/wp-json\/wp\/v2\/tags?post=4614"}],"curies":[{"name":"wp","href":"https:\/\/api.w.org\/{rel}","templated":true}]}}