{"id":4612,"date":"2018-04-12T19:08:59","date_gmt":"2018-04-12T17:08:59","guid":{"rendered":"https:\/\/centers.ulbsibiu.ro\/ccsprise\/lact\/?p=4612"},"modified":"2018-04-12T19:08:59","modified_gmt":"2018-04-12T17:08:59","slug":"publika-md-pavel-filip-la-forumul-de-securitate-de-la-kiev-pledam-pentru-solidaritate-si-angajament-in-gestionarea-crizelor-si-amenintarilor","status":"publish","type":"post","link":"https:\/\/centers.ulbsibiu.ro\/ccsprise\/lact\/publika-md-pavel-filip-la-forumul-de-securitate-de-la-kiev-pledam-pentru-solidaritate-si-angajament-in-gestionarea-crizelor-si-amenintarilor\/","title":{"rendered":"Publika.md &#8211; Pavel Filip, la Forumul de securitate de la Kiev: Pled\u0103m pentru solidaritate \u015fi angajament \u00een gestionarea crizelor \u015fi amenin\u0163\u0103rilor"},"content":{"rendered":"<p><strong>Securitatea regional\u0103 este o prioritate pentru Republica Moldova, de aceea pled\u0103m pentru\u00a0solidaritate \u015fi angajament \u00een gestionarea crizelor \u015fi amenin\u0163\u0103rilor<\/strong>. Declara\u0163ia a fost f\u0103cut\u0103 de <strong>premierul Pavel Filip<\/strong>, care\u00a0particip\u0103 la<strong> Forumul de Securitate de la Kiev.\u00a0<\/strong><\/p>\n<p>&#8220;Cu doar o lun\u0103 \u00een urm\u0103 la Chi\u015fin\u0103u au participat pre\u015fedin\u0163ii din Georgia, Chi\u015fin\u0103u, Ucraina. <strong>Securitatea \u00een aceast\u0103 regiune este o prioritate pentru noi.<\/strong> Actualul mediu de securitate este influen\u0163at de schimb\u0103ri \u015fi amenin\u0163\u0103rile continu\u0103. Hibride, cibernetice \u015fi mai trist este c\u0103 s-a\u00a0constatat c\u0103 \u00een Europa de Est\u00a0sta\u0163ioneaz\u0103 trupele ruse\u015fti \u015fi \u00een ziua\u00a0de ast\u0103zi. Asta genereaz\u0103 tensiuni. Prezen\u0163a militar\u0103 str\u0103in\u0103 constituie un pericol. Vrem s\u0103 fie retrase trupele ruse din st\u00e2nga Nistrului. <strong>Moldova sprijin\u0103 Ucraina pentru rezolvarea conflictului din Donbas prin mijloace pa\u015fnice.<\/strong> Printre instrumentele tradi\u0163ionale persist\u0103 \u015fi cele economice \u015fi energetice, mai ales c\u00e2nd este vorba despre rela\u0163iile statelor vecine. Am vorbit despre noile tipuri de amenin\u0163\u0103ri. Aici este important s\u0103 remarc\u0103m cooperarea cu UE pentru combaterea riscurilor. Aceste provoc\u0103ri implic\u0103 o redefinire al conceptului tradi\u0163ional al securit\u0103\u0163ii. <strong>Agenda de securitate trebuie s\u0103 fie fundamentat\u0103 pe o abordare a riscurilor nonconven\u0163ionale \u00eenglob\u00e2nd noi tipuri de solidaritate interna\u0163ional\u0103 \u015fi regional\u0103.<\/strong> Continu\u0103m s\u0103 avem speran\u0163a c\u0103 aceast\u0103 solidaritate regional\u0103 ne va aduce \u015fi rezultate&#8221;, a precizat prim-ministrul.<\/p>\n<p><strong>\u015eeful Cabinetului de mini\u015ftri a reiterat c\u0103 Republica Moldova pledeaz\u0103, \u00een mod consecvent, pentru retragerea necondi\u0163ionat\u0103 a trupelor militare ruse de pe teritoriul s\u0103u \u015fi pentru transformarea actualei opera\u0163iuni de men\u0163inere a p\u0103cii de pe Nistru \u00eentr-o misiune civil\u0103 multina\u0163ional\u0103 cu mandat interna\u0163ional.<\/strong><\/p>\n<p>&#8220;O prioritate r\u0103m\u00e2ne elaborarea \u015fi adoptarea unui statut juridic special pentru Transnistria, cu respectarea suveranit\u0103\u0163ii \u015fi integrit\u0103\u0163ii teritoriale a Republicii Moldova. Acest concept sau viziune de reglementare trebuie s\u0103 ne asigure c\u0103 viitorul stat reintegrat s\u0103 fie unul viabil \u015fi orientat pe calea reformelor democratice \u015fi integr\u0103rii europene&#8221;, a declarat premierul Filip.<\/p>\n<p>Totodat\u0103, <strong>Pavel Filip a declarat c\u0103 este nevoie de\u00a0un angajament mai clar si vizibil \u00een solu\u0163ionarea situa\u0163iilor de criz\u0103 \u00een regiune.<\/strong><\/p>\n<p>&#8220;Este \u00een interesul comun de a asigura o stabilitate sporit\u0103 \u00een regiunea de Est a Europei.<strong>\u00a0Este \u00een primul r\u00e2nd \u00een interesul UE ca noi s\u0103 furniz\u0103m securitate, s\u0103 nu fim un stat care consum\u0103 securitate.<\/strong> Putem fi al\u0103turi de partenerii no\u015ftri strategici, solidari \u015fi consecven\u0163i. <strong>Pled\u0103m pentru o atitudine similar\u0103 pentru solidaritate \u015fi angajament \u00een gestionarea crizelor \u015fi amenin\u0163\u0103rilor<\/strong>&#8220;, a conchis premierul de la Chi\u015fin\u0103u.<\/p>\n<p>Forumul pentru securitate de la Kiev este la cea de-a 11-a edi\u021bie \u0219i reune\u0219te anual factori de decizie importan\u0163i \u00een domeniul politicii externe \u0219i securit\u0103\u021bii din \u00eentreaga lume.<\/p>\n<p>Cite\u0219te mai mult: <a href=\"https:\/\/www.publika.md\/pavel-filip-la-forumul-de-securitate-de-la-kiev-pledam-pentru-solidaritate-si-angajament-in-gestionarea-crizelor-si-amenintarilor_3002256.html#ixzz5CTl644LR\">https:\/\/www.publika.md\/pavel-filip-la-forumul-de-securitate-de-la-kiev-pledam-pentru-solidaritate-si-angajament-in-gestionarea-crizelor-si-amenintarilor_3002256.html#ixzz5CTl644LR<\/a><\/p>\n","protected":false},"excerpt":{"rendered":"<p>Securitatea regional\u0103 este o prioritate pentru Republica Moldova, de aceea pled\u0103m pentru\u00a0solidaritate \u015fi angajament \u00een gestionarea crizelor \u015fi amenin\u0163\u0103rilor. Declara\u0163ia a fost f\u0103cut\u0103 de premierul Pavel Filip, care\u00a0particip\u0103 la Forumul de Securitate de la Kiev.\u00a0 &#8220;Cu doar o lun\u0103 \u00een urm\u0103 la Chi\u015fin\u0103u au participat pre\u015fedin\u0163ii din Georgia, Chi\u015fin\u0103u, Ucraina. Securitatea \u00een aceast\u0103 regiune este&#8230;<\/p>\n","protected":false},"author":2,"featured_media":0,"comment_status":"closed","ping_status":"open","sticky":false,"template":"","format":"standard","meta":[],"categories":[1],"tags":[],"_links":{"self":[{"href":"https:\/\/centers.ulbsibiu.ro\/ccsprise\/lact\/wp-json\/wp\/v2\/posts\/4612"}],"collection":[{"href":"https:\/\/centers.ulbsibiu.ro\/ccsprise\/lact\/wp-json\/wp\/v2\/posts"}],"about":[{"href":"https:\/\/centers.ulbsibiu.ro\/ccsprise\/lact\/wp-json\/wp\/v2\/types\/post"}],"author":[{"embeddable":true,"href":"https:\/\/centers.ulbsibiu.ro\/ccsprise\/lact\/wp-json\/wp\/v2\/users\/2"}],"replies":[{"embeddable":true,"href":"https:\/\/centers.ulbsibiu.ro\/ccsprise\/lact\/wp-json\/wp\/v2\/comments?post=4612"}],"version-history":[{"count":1,"href":"https:\/\/centers.ulbsibiu.ro\/ccsprise\/lact\/wp-json\/wp\/v2\/posts\/4612\/revisions"}],"predecessor-version":[{"id":4613,"href":"https:\/\/centers.ulbsibiu.ro\/ccsprise\/lact\/wp-json\/wp\/v2\/posts\/4612\/revisions\/4613"}],"wp:attachment":[{"href":"https:\/\/centers.ulbsibiu.ro\/ccsprise\/lact\/wp-json\/wp\/v2\/media?parent=4612"}],"wp:term":[{"taxonomy":"category","embeddable":true,"href":"https:\/\/centers.ulbsibiu.ro\/ccsprise\/lact\/wp-json\/wp\/v2\/categories?post=4612"},{"taxonomy":"post_tag","embeddable":true,"href":"https:\/\/centers.ulbsibiu.ro\/ccsprise\/lact\/wp-json\/wp\/v2\/tags?post=4612"}],"curies":[{"name":"wp","href":"https:\/\/api.w.org\/{rel}","templated":true}]}}