{"id":4610,"date":"2018-04-12T19:07:31","date_gmt":"2018-04-12T17:07:31","guid":{"rendered":"https:\/\/centers.ulbsibiu.ro\/ccsprise\/lact\/?p=4610"},"modified":"2018-04-12T19:07:31","modified_gmt":"2018-04-12T17:07:31","slug":"ziarulnational-md-dodon-pretinde-ca-stie-cum-poate-fi-rezolvata-problema-transnistreana-si-cere-votul-locuitorilor-din-stanga-nistrului-pentru-socialisti-la-alegerile-din-toamna","status":"publish","type":"post","link":"https:\/\/centers.ulbsibiu.ro\/ccsprise\/lact\/ziarulnational-md-dodon-pretinde-ca-stie-cum-poate-fi-rezolvata-problema-transnistreana-si-cere-votul-locuitorilor-din-stanga-nistrului-pentru-socialisti-la-alegerile-din-toamna\/","title":{"rendered":"Ziarulnational.md &#8211; Dodon pretinde c\u0103 \u0219tie cum poate fi rezolvat\u0103 problema transnistrean\u0103 \u0219i cere votul locuitorilor din st\u00e2nga Nistrului pentru sociali\u0219ti la alegerile din toamn\u0103"},"content":{"rendered":"<p>Pentru solu\u021bionarea problemei transnistrene, ar fi necesar ca sociali\u0219tii s\u0103 c\u00e2\u0219tige alegerile parlamentare din toamn\u0103, inclusiv cu votul celor din st\u00e2nga Nistrului, sus\u021bine pre\u0219edintele Igor Dodon.<\/p>\n<p>\u201eEu sper c\u0103, la sf\u00e2r\u0219itul anului curent, vom avea majoritatea \u00een Parlament, care va lucra \u00een comun cu pre\u0219edintele\u201d, a declarat \u0219eful statului \u00een cadrul \u201eLliniei directe\u201d de la Accent TV.<\/p>\n<p>Igor Dodon a spus c\u0103 un \u201emoment important\u201d \u00een rezolvarea conflictului transnistrean este stabilirea viitorului statut al Transnsitriei \u2013 \u201eautonomie, structur\u0103 federal\u0103 etc\u201d.<\/p>\n<p>Potrivir \u0219efului statului, acum ar fi necesare \u201eac\u021biuni concrete\u201d pentru solu\u021bionarea \u00een\u021belegerilor la care s-a convenit \u00een cadrul \u00eentrevederilor anterioare \u2013 recunoa\u0219trea diplomelor, numerelor de \u00eenmatriculare a automobilelor, restabilirea leg\u0103turii de telefonic\u0103 fix\u0103.<\/p>\n<p>\u00cen cadrul aceleia\u0219i emisiuni, Dodon a sugerat c\u0103 victoria sociali\u0219tilor din toamn\u0103 depinde \u0219i de \u201evotul transnistrenilor\u201d.<\/p>\n<p>Sursa:\u00a0<a href=\"http:\/\/www.ziarulnational.md\/dodon-pretinde-ca-stie-cum-poate-fi-rezolvata-problema-transnistreana-si-cere-votul-locuitorilor-din-stanga-nistrului-pentru-socialisti-la-alegerile-din-toamna\/\">http:\/\/www.ziarulnational.md\/<\/a><\/p>\n","protected":false},"excerpt":{"rendered":"<p>Pentru solu\u021bionarea problemei transnistrene, ar fi necesar ca sociali\u0219tii s\u0103 c\u00e2\u0219tige alegerile parlamentare din toamn\u0103, inclusiv cu votul celor din st\u00e2nga Nistrului, sus\u021bine pre\u0219edintele Igor Dodon. \u201eEu sper c\u0103, la sf\u00e2r\u0219itul anului curent, vom avea majoritatea \u00een Parlament, care va lucra \u00een comun cu pre\u0219edintele\u201d, a declarat \u0219eful statului \u00een cadrul \u201eLliniei directe\u201d de la&#8230;<\/p>\n","protected":false},"author":2,"featured_media":0,"comment_status":"closed","ping_status":"open","sticky":false,"template":"","format":"standard","meta":[],"categories":[1],"tags":[],"_links":{"self":[{"href":"https:\/\/centers.ulbsibiu.ro\/ccsprise\/lact\/wp-json\/wp\/v2\/posts\/4610"}],"collection":[{"href":"https:\/\/centers.ulbsibiu.ro\/ccsprise\/lact\/wp-json\/wp\/v2\/posts"}],"about":[{"href":"https:\/\/centers.ulbsibiu.ro\/ccsprise\/lact\/wp-json\/wp\/v2\/types\/post"}],"author":[{"embeddable":true,"href":"https:\/\/centers.ulbsibiu.ro\/ccsprise\/lact\/wp-json\/wp\/v2\/users\/2"}],"replies":[{"embeddable":true,"href":"https:\/\/centers.ulbsibiu.ro\/ccsprise\/lact\/wp-json\/wp\/v2\/comments?post=4610"}],"version-history":[{"count":1,"href":"https:\/\/centers.ulbsibiu.ro\/ccsprise\/lact\/wp-json\/wp\/v2\/posts\/4610\/revisions"}],"predecessor-version":[{"id":4611,"href":"https:\/\/centers.ulbsibiu.ro\/ccsprise\/lact\/wp-json\/wp\/v2\/posts\/4610\/revisions\/4611"}],"wp:attachment":[{"href":"https:\/\/centers.ulbsibiu.ro\/ccsprise\/lact\/wp-json\/wp\/v2\/media?parent=4610"}],"wp:term":[{"taxonomy":"category","embeddable":true,"href":"https:\/\/centers.ulbsibiu.ro\/ccsprise\/lact\/wp-json\/wp\/v2\/categories?post=4610"},{"taxonomy":"post_tag","embeddable":true,"href":"https:\/\/centers.ulbsibiu.ro\/ccsprise\/lact\/wp-json\/wp\/v2\/tags?post=4610"}],"curies":[{"name":"wp","href":"https:\/\/api.w.org\/{rel}","templated":true}]}}