{"id":4608,"date":"2018-04-12T19:04:26","date_gmt":"2018-04-12T17:04:26","guid":{"rendered":"https:\/\/centers.ulbsibiu.ro\/ccsprise\/lact\/?p=4608"},"modified":"2018-04-12T19:04:26","modified_gmt":"2018-04-12T17:04:26","slug":"publika-md-legea-cu-privire-la-controlul-in-comun-la-frontiera-a-fost-promulgata-de-presedintele-porosenko-in-prezenta-premierului-filip","status":"publish","type":"post","link":"https:\/\/centers.ulbsibiu.ro\/ccsprise\/lact\/publika-md-legea-cu-privire-la-controlul-in-comun-la-frontiera-a-fost-promulgata-de-presedintele-porosenko-in-prezenta-premierului-filip\/","title":{"rendered":"Publika.md &#8211; Legea cu privire la controlul \u00een comun la frontier\u0103 a fost promulgat\u0103 de pre\u0219edintele Poro\u0219enko, \u00een prezen\u021ba premierului Filip"},"content":{"rendered":"<p><strong>(UPDATE 12:54)\u00a0<\/strong>Aatol \u0162\u0103ranu, analist politic:\u00a0&#8220;Este foarte bine cunoscut faptul c\u0103 Ucraina joac\u0103 rolul de mediator, dar \u015fi de viitor garant al unor \u00een\u0163elegeri asupra statului Transnistrei \u00een componen\u0163a Republici Moldova, \u00een cazul \u00een care o asemenea rezolvare a problemei va avea loc.<\/p>\n<p>Este foarte bine cunoscut \u015fi faptul c\u0103 Ucraina mult timp \u015fi-a coordonat foarte precis ac\u0163iunile sale cu Federa\u0163ia Rus\u0103 \u00een ceea ce prive\u015fte deferendul transnistrean \u015fi solu\u0163ionarea politic\u0103 a acestui deferend. De aici noi am avut anumite probleme, acum vorbesc despre Republica Moldova, despre Chi\u015fin\u0103u oficial \u00een coordonarea ac\u0163iunilor noastre cu Ucraina la frontiera de est a Republicii Moldova.<\/p>\n<p>Kievul nu a fost dintotdeauna pentru o colaborare c\u00e2t mai str\u00e2ns\u0103 cu Chi\u015fin\u0103ul \u00een aceast\u0103 privin\u0163\u0103. \u00cens\u0103 dup\u0103 evenimentele care au avut loc \u00een Ucraina, aici vorbesc despre Crimeea, despre organele de est ale Ucrainei, atunci c\u00e2nd rela\u0163ia Kievului cu Federa\u0163ia Rus\u0103 s-a deteriorat sim\u0163itor Kievul \u015fi-a rev\u0103zut inclusiv \u015fi atitudinea sa fa\u0163\u0103 de ceea ce se nume\u015fte deferendul transnistrean.<\/p>\n<p>\u00cen aceste condi\u0163ii Republicii Moldova i s-a deschis o fereastr\u0103 de oportunitate pentru a-\u015fi coordona mai str\u00e2ns ac\u0163iunile sale cu Ucraina \u015fi una dintre filierile unde aceast\u0103 interac\u0163iune s-a manifestat plenar a fost regimul hotarului de est al Republcii Moldova, care dup\u0103 cum cunoa\u015ftem nu este controlat de oficialit\u0103\u0163ile constitu\u0163ionale ale statului nostru.<\/p>\n<p>Acum Ucraina este deschis\u0103 pentru o colaborare str\u00e2ns\u0103 cu Republica Moldova \u00een acest sens \u015fi promulgarea de pre\u015fedintele Ucrainei a acestei legi \u00eenseamn\u0103 nimic altceva dec\u00e2t contribu\u0163ia substan\u0163ial\u0103 a Ucrainei la ridicarea nivelului de suvernaitate a Republicii Moldova \u015fi aici m\u0103 refer la hotarul nostru de est.<\/p>\n<p>Desigur, aceast\u0103 ac\u0163iune pune \u00eentr-o situa\u0163ie complicat\u0103 regimul separatist de la Transnistria, dar \u015fi sponsorii de la Moscova care to\u0163i ace\u015fti ani au favorizat \u015fi sponsorizat regimul separatist de la Tiraspol.<\/p>\n<p>Trebuie s\u0103 salut\u0103m aceast\u0103 decizie a Kievului, a pre\u015fedintelui Poro\u015fenco \u015fi trebuie s\u0103 spunem c\u0103 oficialit\u0103\u0163ile Republicii Moldova au ob\u0163inut un succes remarcabil, care trebuie neap\u0103rat s\u0103 fie men\u0163ionat&#8221;.<\/p>\n<p><strong>(UPDATE 12:44)\u00a0<\/strong>Corneliu Ciurea, politolog: &#8220;Aceste perspective sunt reale. Ac\u0163iunile comune la frontier\u0103 deja sunt demarate de ambele state \u015fi func\u0163ioneaz\u0103 destul de bine. Au dat un rezultat pozitiv. Noi am \u00eenceput s\u0103 control\u0103m segmentul transnistrean. EUBAM va r\u0103m\u00e2ne o anumit\u0103 perioad\u0103 \u00een aceast\u0103 regiune. A avut un rol pozitiv \u00een controlul contrabandei pe segmentul transnistrean. Europenii au un interes de a men\u0163ine controlul \u00een aceast\u0103 zon\u0103.&#8221;<\/p>\n<p><strong>(UPDATE 12:32) <\/strong>Alexandru Popescu, colonel \u00een rezerv\u0103 SIS: &#8220;Mai multe persoane au ales celelalte controlae care nu sunt comune. Este vorba de mercenari, persoane cu trecut criminal, chiar \u015fi a\u015fa numi\u0163ii oficiali de la Tiraspol. \u00cens\u0103, agen\u0163ii economici din st\u00e2nga Nistrului care\u00a0doresc s\u0103 se dezvolte \u015fi s\u0103-\u015fi exporte produsele \u00een UE se adapteaz\u0103 la standarde, utiliz\u00e2nd actele oficiale ale autorit\u0103\u0163ilor de la Chi\u015fin\u0103u.\u00a0Toat\u0103 lumea con\u015ftientizeaz\u0103 c\u0103 statul trebuie s\u0103 aib\u0103 capacit\u0103\u0163ile de a controla ce intr\u0103 \u00een \u0163ar\u0103 \u015fi ce iese.&#8221;<\/p>\n<p><strong>(11:53) Pre\u0219edintele Ucrainei, Petro Poro\u0219enko, a promulgat ast\u0103zi Legea cu privire la ratificarea Acordului privind controlul \u00een comun al persoanelor, mijloacelor de transport \u0219i m\u0103rfurilor \u00een punctele comune de trecere a frontierei de stat moldo-ucrainene, \u00een prezen\u021ba prim-ministrului Pavel Filip.<\/strong><\/p>\n<p>Premierul Pavel Filip a exprimat recuno\u0219tin\u021b\u0103 pentru acest pas important, care va permite Republicii Moldova s\u0103 controleze pe deplin frontiera de stat moldo-ucrainean\u0103, inclusiv pe segmentul transnistrean.<\/p>\n<p><strong> Controlul \u00een comun la frontier\u0103 a fost \u00eenceput pe 17 iulie 2017 \u00een punctul de trecere Cuciurgan-Pervomaisk, aflat pe teritoriul Ucrainei.<\/strong><\/p>\n<p>\u00cen februarie 2018, guvernul de la Kiev a aprobat Acordul privind controlul \u00een comun al persoanelor, mijloacelor de transport, m\u0103rfurilor \u00een punctele comune de trecere a frontierei moldo-ucrainene. Decizia a fost salutat\u0103 de premierul Pavel Filip, care s-a ar\u0103tat convins c\u0103 acest acord va aduce doar beneficii p\u0103r\u021bilor.<\/p>\n<p>Legea cu privire la ratificarea Acordului privind controlul \u00een comun al persoanelor, mijloacelor de transport \u0219i m\u0103rfurilor \u00een punctele comune de trecere a frontierei de stat moldo-ucrainene a fost ratificat\u0103 de Rada Suprem\u0103 a Ucrainei la 1 martie curent.<\/p>\n<p>Acordul privind controlul \u00een comun la frontiera moldo-ucrainean\u0103 a fost semnat \u00een cadrul vizitei oficiale din octombrie 2017 a premierului Ucrainei, Volodimir Groisman, \u00een Republica Moldova.<\/p>\n<p>Controlul \u00een comun va fi aplicat la toate punctele de trecere a frontierei de stat moldo-ucrainene, at\u00e2t \u00een cazul transportului auto, c\u00e2t \u0219i al celui feroviar.<\/p>\n<p>Potrivit autorit\u0103\u021bilor, acesta va eficientiza interac\u021biunea institu\u021biilor cu func\u021bii de control la frontier\u0103 din cele dou\u0103 state \u015fi va facilita traficul de persoane \u0219i de m\u0103rfuri.<\/p>\n<p><strong>PUBLIKA.MD<\/strong> aminte\u015fte c\u0103 \u015feful Executivului se afl\u0103 \u00een vizit\u0103 la Kiev cu ocazia particip\u0103rii la Forumul de securitate,\u00a0\u00een cadrul c\u0103ruia prim-ministrul Pavel Filip va \u021bine un discurs.<\/p>\n<p>\u00cen marja evenimentului, vor fi abordate \u0219i subiecte legate de provoc\u0103rile ce pun \u00een pericol securitatea regional\u0103 \u015fi european\u0103, situa\u0163ia actual\u0103 din regiune, dar \u0219i conflictele prelungite \u015fi importan\u021ba dialogului \u00een solu\u021bionarea acestora.<\/p>\n<p>Potrivit programului, va avea loc \u0219i o \u0219edin\u021b\u0103 a delega\u021biilor Republicii Moldova \u0219i Ucrainei, unde vor fi semnate documente bilaterale pentru intensificarea cooper\u0103rii \u00een domeniul transportului aerian \u0219i auto.<\/p>\n<p>Forumul de la Kiev este la cea de-a 11-a edi\u021bie \u0219i a fost ini\u021biat de fostul premier ucrainean Arseni Ia\u021beniuc.<\/p>\n<p>Iar la \u00eenceputul lunii martie, la Chi\u0219in\u0103u, a avut loc prima conferin\u021b\u0103 interparlamentar\u0103 la nivel \u00eenalt pe probleme de securitate.<\/p>\n<p>\u00cen cadrul reuniunii, reprezentan\u0163ii din Georgia, Moldova \u0219i Ucraina au semnat o declara\u021bie privind securitatea regional\u0103 \u0219i perspectivele de integrare european\u0103.<\/p>\n<p>Conferin\u0163a a avut loc la ini\u0163iativa \u015fefilor Legislativelor din cele trei \u0163\u0103ri. La eveniment au participat reprezentan\u021bi ai 11 parlamente, inclusiv \u0219apte pre\u0219edin\u021bi ai Legislativelor din Moldova, Georgia, Ucraina, Suedia, Norvegia, Lituania \u0219i Letonia.<\/p>\n<p>De asemenea, au fost prezen\u021bi \u015fi membri ai Parlamentului European dar \u0219i ai Congresului SUA, precum \u0219i exper\u021bi din domeniu.<\/p>\n<p>Cite\u0219te mai mult: <a href=\"https:\/\/www.publika.md\/legea-cu-privire-la-controlul-in-comun-la-frontiera-a-fost-promulgata-de-presedintele-porosenko-in-prezenta-premierului-filip_3002245.html#ixzz5CTjwBCT3\">https:\/\/www.publika.md\/legea-cu-privire-la-controlul-in-comun-la-frontiera-a-fost-promulgata-de-presedintele-porosenko-in-prezenta-premierului-filip_3002245.html#ixzz5CTjwBCT3<\/a><\/p>\n","protected":false},"excerpt":{"rendered":"<p>(UPDATE 12:54)\u00a0Aatol \u0162\u0103ranu, analist politic:\u00a0&#8220;Este foarte bine cunoscut faptul c\u0103 Ucraina joac\u0103 rolul de mediator, dar \u015fi de viitor garant al unor \u00een\u0163elegeri asupra statului Transnistrei \u00een componen\u0163a Republici Moldova, \u00een cazul \u00een care o asemenea rezolvare a problemei va avea loc. Este foarte bine cunoscut \u015fi faptul c\u0103 Ucraina mult timp \u015fi-a coordonat foarte&#8230;<\/p>\n","protected":false},"author":2,"featured_media":0,"comment_status":"closed","ping_status":"open","sticky":false,"template":"","format":"standard","meta":[],"categories":[1],"tags":[],"_links":{"self":[{"href":"https:\/\/centers.ulbsibiu.ro\/ccsprise\/lact\/wp-json\/wp\/v2\/posts\/4608"}],"collection":[{"href":"https:\/\/centers.ulbsibiu.ro\/ccsprise\/lact\/wp-json\/wp\/v2\/posts"}],"about":[{"href":"https:\/\/centers.ulbsibiu.ro\/ccsprise\/lact\/wp-json\/wp\/v2\/types\/post"}],"author":[{"embeddable":true,"href":"https:\/\/centers.ulbsibiu.ro\/ccsprise\/lact\/wp-json\/wp\/v2\/users\/2"}],"replies":[{"embeddable":true,"href":"https:\/\/centers.ulbsibiu.ro\/ccsprise\/lact\/wp-json\/wp\/v2\/comments?post=4608"}],"version-history":[{"count":1,"href":"https:\/\/centers.ulbsibiu.ro\/ccsprise\/lact\/wp-json\/wp\/v2\/posts\/4608\/revisions"}],"predecessor-version":[{"id":4609,"href":"https:\/\/centers.ulbsibiu.ro\/ccsprise\/lact\/wp-json\/wp\/v2\/posts\/4608\/revisions\/4609"}],"wp:attachment":[{"href":"https:\/\/centers.ulbsibiu.ro\/ccsprise\/lact\/wp-json\/wp\/v2\/media?parent=4608"}],"wp:term":[{"taxonomy":"category","embeddable":true,"href":"https:\/\/centers.ulbsibiu.ro\/ccsprise\/lact\/wp-json\/wp\/v2\/categories?post=4608"},{"taxonomy":"post_tag","embeddable":true,"href":"https:\/\/centers.ulbsibiu.ro\/ccsprise\/lact\/wp-json\/wp\/v2\/tags?post=4608"}],"curies":[{"name":"wp","href":"https:\/\/api.w.org\/{rel}","templated":true}]}}