{"id":4604,"date":"2018-04-12T18:31:04","date_gmt":"2018-04-12T16:31:04","guid":{"rendered":"https:\/\/centers.ulbsibiu.ro\/ccsprise\/lact\/?p=4604"},"modified":"2018-04-12T18:31:04","modified_gmt":"2018-04-12T16:31:04","slug":"interlic-md-delegatia-transnistreana-in-cuc-continua-sa-sfideze-angajamentele-asumate-si-insista-pe-consolidarea-structurilor-sale-de-forta-in-zona-de-securitate","status":"publish","type":"post","link":"https:\/\/centers.ulbsibiu.ro\/ccsprise\/lact\/interlic-md-delegatia-transnistreana-in-cuc-continua-sa-sfideze-angajamentele-asumate-si-insista-pe-consolidarea-structurilor-sale-de-forta-in-zona-de-securitate\/","title":{"rendered":"Interlic.md &#8211; Delega\u021bia transnistrean\u0103 \u00een CUC continu\u0103 s\u0103 sfideze angajamentele asumate \u0219i insist\u0103 pe consolidarea structurilor sale de for\u021b\u0103 \u00een Zona de Securitate"},"content":{"rendered":"<p>La \u015fedin\u0163a ordinar\u0103 a Comisiei Unificate de Control (CUC) care s-a desf\u0103\u0219urat la 12 aprilie 2018 \u00een or. Bender \u0219i a fost prezidat\u0103 de delega\u021bia Federa\u021biei Ruse, la propunerea componentei ruse, au fost elibera\u021bi din func\u021bie observatorul militar al Federa\u021biei Ruse maiorul Alexandr Kap\u00e2\u0219ev \u0219i membrul delega\u021biei Federa\u021biei Ruse Piotr Urjumov, \u00een leg\u0103tur\u0103 cu finisarea termenului de deplasare de serviciu. Concomitent, Comisia l-a confirmat pe maiorul Evgheny Trunov, ajutorul Ata\u0219atului Militar din cadrul Ambasadei Federa\u021biei Ruse \u00een Republica Moldova \u00een calitate de membru al delega\u021biei ruse.<\/p>\n<p>Delega\u021bia Republicii Moldova \u00een CUC l-a prezentat pe dl Gheorghe B\u0103lan, consilier principal de stat al Prim-ministrului \u00een domeniul reintegr\u0103rii recent numit \u00een calitate de membru al delega\u021biei prin hot\u0103r\u00e2re a Guvernului.<\/p>\n<p>Comandamentul Militar \u00centrunit a prezentat raportul s\u0103pt\u0103m\u00e2nal despre situa\u021bia \u00een Zona de Securitate.<\/p>\n<p>Ulterior, \u00een cadrul unei \u0219edin\u021be neordinare, au continuat discu\u021biile privind problemele legate de redeschiderea circula\u021biei pe podul peste r. Nistru din preajma s. Gura B\u00e2cului \u0219i B\u00e2cioc.<\/p>\n<p>Delega\u021bia Republicii Moldova a reiterat propunerea privind asigurarea circula\u021biei libere \u0219i \u00een siguran\u021b\u0103 pe acest pod doar de c\u0103tre militarii For\u021belor Mixte de Pacificare \u0219i de c\u0103tre efectivele comune ale Inspectoratului Na\u021bional de Patrulare \u0219i a\u0219a-numita \u201emili\u021bie rutier\u0103\u201d.<\/p>\n<p>\u00cen cadrul dezbaterilor, exponen\u021bii transnistreni repetat au confirmat faptul c\u0103 au recurs la fortificarea infrastructurii postului structurilor sale de for\u021b\u0103 din preajma s. B\u00e2cioc, chiar \u00een ajunul zilei, c\u00e2nd urma s\u0103 fie redeschis\u0103 circula\u021bia pe acest pod. Astfel, \u00een perioada preg\u0103tirilor pentru redeschiderea podului, reprezentan\u021bii Tiraspolului, f\u0103r\u0103 coordonare prealabil\u0103 cu Comisia Unificat\u0103 de Control, au majorat\u00a0 efectivul de \u201egr\u0103niceri\u201d, \u201evame\u015fi\u201d \u0219i al \u201eserviciului migra\u021bional\u201d. Aceste ac\u021biuni unilaterale vin \u00een dezacord cu \u00een\u0163elegerile convenite anterior \u00een cadrul CUC \u015fi reprezint\u0103 o dovad\u0103 cert\u0103 a faptului c\u0103 partea transnistrean\u0103 refuz\u0103 s\u0103 respecte regimul Zonei de Securitate \u0219i angajamentele asumate.<\/p>\n<p>\u00cen lipsa consensului \u0219edin\u021ba a fost transferat\u0103 pentru urm\u0103toarea \u00eentrunire a CUC care va avea loc pe data de 19 aprilie curent, anun\u021b\u0103 un comunicat al Delega\u021biei Republicii Moldova \u00een CUC.<\/p>\n<p>Sursa:\u00a0<a href=\"http:\/\/www.interlic.md\/2018-04-12\/delega-ia-transnistreana-in-cuc-continua-sa-sfideze-angajamentele-asumate-i-insista-pe-consolidarea--53572.html\">http:\/\/www.interlic.md\/<\/a><\/p>\n","protected":false},"excerpt":{"rendered":"<p>La \u015fedin\u0163a ordinar\u0103 a Comisiei Unificate de Control (CUC) care s-a desf\u0103\u0219urat la 12 aprilie 2018 \u00een or. Bender \u0219i a fost prezidat\u0103 de delega\u021bia Federa\u021biei Ruse, la propunerea componentei ruse, au fost elibera\u021bi din func\u021bie observatorul militar al Federa\u021biei Ruse maiorul Alexandr Kap\u00e2\u0219ev \u0219i membrul delega\u021biei Federa\u021biei Ruse Piotr Urjumov, \u00een leg\u0103tur\u0103 cu finisarea&#8230;<\/p>\n","protected":false},"author":2,"featured_media":0,"comment_status":"closed","ping_status":"open","sticky":false,"template":"","format":"standard","meta":[],"categories":[1],"tags":[],"_links":{"self":[{"href":"https:\/\/centers.ulbsibiu.ro\/ccsprise\/lact\/wp-json\/wp\/v2\/posts\/4604"}],"collection":[{"href":"https:\/\/centers.ulbsibiu.ro\/ccsprise\/lact\/wp-json\/wp\/v2\/posts"}],"about":[{"href":"https:\/\/centers.ulbsibiu.ro\/ccsprise\/lact\/wp-json\/wp\/v2\/types\/post"}],"author":[{"embeddable":true,"href":"https:\/\/centers.ulbsibiu.ro\/ccsprise\/lact\/wp-json\/wp\/v2\/users\/2"}],"replies":[{"embeddable":true,"href":"https:\/\/centers.ulbsibiu.ro\/ccsprise\/lact\/wp-json\/wp\/v2\/comments?post=4604"}],"version-history":[{"count":1,"href":"https:\/\/centers.ulbsibiu.ro\/ccsprise\/lact\/wp-json\/wp\/v2\/posts\/4604\/revisions"}],"predecessor-version":[{"id":4605,"href":"https:\/\/centers.ulbsibiu.ro\/ccsprise\/lact\/wp-json\/wp\/v2\/posts\/4604\/revisions\/4605"}],"wp:attachment":[{"href":"https:\/\/centers.ulbsibiu.ro\/ccsprise\/lact\/wp-json\/wp\/v2\/media?parent=4604"}],"wp:term":[{"taxonomy":"category","embeddable":true,"href":"https:\/\/centers.ulbsibiu.ro\/ccsprise\/lact\/wp-json\/wp\/v2\/categories?post=4604"},{"taxonomy":"post_tag","embeddable":true,"href":"https:\/\/centers.ulbsibiu.ro\/ccsprise\/lact\/wp-json\/wp\/v2\/tags?post=4604"}],"curies":[{"name":"wp","href":"https:\/\/api.w.org\/{rel}","templated":true}]}}